{"id":519134,"date":"2018-02-28T13:42:50","date_gmt":"2018-02-28T19:42:50","guid":{"rendered":"https:\/\/www.futboltotal.com.mx\/?p=519134"},"modified":"2018-02-28T13:42:50","modified_gmt":"2018-02-28T19:42:50","slug":"marruecos-cerca-arrebatarle-mundial-a-mexico","status":"publish","type":"post","link":"http:\/\/desarrollo.grupomedios.com\/futbol\/destacado-home\/marruecos-cerca-arrebatarle-mundial-a-mexico\/2018\/02","title":{"rendered":"Marruecos, muy cerca de &#8216;arrebatarle&#8217; Mundial a M\u00e9xico"},"content":{"rendered":"<p>La<strong> Copa del Mundo de 2026<\/strong> podr\u00eda no jugarse en suelo mexicano como se ha manejado, pues a pesar de la s\u00f3lida candidatura en conjunto con <strong>Estados Unidos y Canad\u00e1<\/strong>, los rumores han comenzado a crecer y ponen a <strong>Marruecos<\/strong> como el anfitri\u00f3n del torneo, sobre todo luego del comentario lanzado en Twitter por el ex presidente de FIFA, <strong>Joseph Blatter<\/strong> asegurara que ser\u00e1 el pa\u00eds africano quien gane la candidatura.<\/p>\n<blockquote class=\"twitter-tweet\" data-width=\"500\">\n<p lang=\"en\" dir=\"ltr\">World Cup 2026: Co-Hosting rejected by FIFA after 2002 (also applied in 2010 and 2018). And now: Morocco would be the logical host! And it is time for Africa again! <a href=\"https:\/\/twitter.com\/hashtag\/Fifa?src=hash&amp;ref_src=twsrc%5Etfw\">#Fifa<\/a> <a href=\"https:\/\/twitter.com\/hashtag\/CAF?src=hash&amp;ref_src=twsrc%5Etfw\">#CAF<\/a> #@FIFAWorldCup<\/p>\n<p>&mdash; Joseph S Blatter (@SeppBlatter) <a href=\"https:\/\/twitter.com\/SeppBlatter\/status\/966615544890904576?ref_src=twsrc%5Etfw\">February 22, 2018<\/a><\/p><\/blockquote>\n<p><script async src=\"https:\/\/platform.twitter.com\/widgets.js\" charset=\"utf-8\"><\/script><\/p>\n<p style=\"text-align: center;\"><a href=\"https:\/\/www.futboltotal.com.mx\/futbol-internacional\/liga-de-francia-futbol-internacional\/psg-la-clausula-romper-contrato-neymar\/2018\/02\">VER M\u00c1S: PSG y la cl\u00e1usula que puede romper el contrato con Neymar<\/a><\/p>\n<p>A pesar que la candidatura de <strong>M\u00e9xico,\u00a0Estados Unidos\u00a0<\/strong>y\u00a0<strong>Canad\u00e1\u00a0<\/strong>parec\u00eda tener en el bolsillo la Copa del Mundo de 2026, esto podr\u00eda terminar por caerse, pues en las votaciones que se realizar\u00e1n el pr\u00f3ximo 13 de junio con el marco del\u00a068\u00a0<strong>Congreso de la FIFA\u00a0<\/strong>los altos mandos y ejecutivos del organismo decidir\u00edan darle el Mundial a \u00c1frica una vez m\u00e1s, de acuerdo con ESPN.<\/p>\n<p>Ser\u00eda principalmente que la propuesta realizada por Marruecos tendr\u00e1 el apoyo de\u00a0<strong>Asia<\/strong>,\u00a0<strong>Sudam\u00e9rica\u00a0<\/strong>y\u00a0<strong>\u00c1frica,\u00a0<\/strong>este \u00faltimo por obvias razones; este conjunto le dar\u00eda un total de 104 votos que les asegurar\u00edan ser la sede de la Copa del Mundo despu\u00e9s de la que se celebre en Qatar.<\/p>\n<p>Sin embargo, la posibilidad que la candidatura de 2026 se quede con M\u00e9xico ser\u00eda porque tienen la gran mayor\u00eda de Norteam\u00e9rica asegurada, junto a <strong>Europa<\/strong> y<strong> Ocean\u00eda<\/strong> por lo que resta esperar a que se decanten por un bando algunas zonas de Asia.<\/p>\n<p style=\"text-align: center;\"><a href=\"https:\/\/www.futboltotal.com.mx\/futbol-mexicano\/liga-mx\/andre-pierre-gignac-puede-ir-a-rusia-2018\/2018\/02\">VER M\u00c1S: Andr\u00e9-Pierre Gignac puede ir a Rusia 2018<\/a><\/p>\n<p>&nbsp;<\/p>\n","protected":false},"excerpt":{"rendered":"<p>La candidatura entre los tres pa\u00edses podr\u00eda terminar por no consumarse y se escapar\u00eda la Copa del Mundo<\/p>\n","protected":false},"author":159,"featured_media":519139,"comment_status":"closed","ping_status":"closed","sticky":false,"template":"","format":"standard","meta":[],"categories":[5,2198,3845,3847],"tags":[182,125,11810,310,2583,65,133],"_links":{"self":[{"href":"http:\/\/desarrollo.grupomedios.com\/futbol\/wp-json\/wp\/v2\/posts\/519134"}],"collection":[{"href":"http:\/\/desarrollo.grupomedios.com\/futbol\/wp-json\/wp\/v2\/posts"}],"about":[{"href":"http:\/\/desarrollo.grupomedios.com\/futbol\/wp-json\/wp\/v2\/types\/post"}],"author":[{"embeddable":true,"href":"http:\/\/desarrollo.grupomedios.com\/futbol\/wp-json\/wp\/v2\/users\/159"}],"replies":[{"embeddable":true,"href":"http:\/\/desarrollo.grupomedios.com\/futbol\/wp-json\/wp\/v2\/comments?post=519134"}],"version-history":[{"count":1,"href":"http:\/\/desarrollo.grupomedios.com\/futbol\/wp-json\/wp\/v2\/posts\/519134\/revisions"}],"predecessor-version":[{"id":519140,"href":"http:\/\/desarrollo.grupomedios.com\/futbol\/wp-json\/wp\/v2\/posts\/519134\/revisions\/519140"}],"wp:featuredmedia":[{"embeddable":true,"href":"http:\/\/desarrollo.grupomedios.com\/futbol\/wp-json\/wp\/v2\/media\/519139"}],"wp:attachment":[{"href":"http:\/\/desarrollo.grupomedios.com\/futbol\/wp-json\/wp\/v2\/media?parent=519134"}],"wp:term":[{"taxonomy":"category","embeddable":true,"href":"http:\/\/desarrollo.grupomedios.com\/futbol\/wp-json\/wp\/v2\/categories?post=519134"},{"taxonomy":"post_tag","embeddable":true,"href":"http:\/\/desarrollo.grupomedios.com\/futbol\/wp-json\/wp\/v2\/tags?post=519134"}],"curies":[{"name":"wp","href":"https:\/\/api.w.org\/{rel}","templated":true}]}}