{"id":519146,"date":"2018-02-28T14:36:39","date_gmt":"2018-02-28T20:36:39","guid":{"rendered":"https:\/\/www.futboltotal.com.mx\/?p=519146"},"modified":"2018-02-28T14:36:39","modified_gmt":"2018-02-28T20:36:39","slug":"psg-anuncia-neymar-sera-operado","status":"publish","type":"post","link":"http:\/\/desarrollo.grupomedios.com\/futbol\/futbol-internacional\/psg-anuncia-neymar-sera-operado\/2018\/02","title":{"rendered":"PSG anuncia que Neymar ser\u00e1 operado"},"content":{"rendered":"<p>El <strong>Par\u00eds Saint-Germain<\/strong> anunci\u00f3 este mi\u00e9rcoles que el brasile\u00f1o <strong>Neymar<\/strong> ser\u00e1 finalmente operado de la fisura del quinto metatarso del pie derecho que sufri\u00f3 el pasado domingo, por lo que est\u00e1 descartado para el duelo de <strong>Champions League<\/strong> del pr\u00f3ximo martes contra el <strong>Real Madrid<\/strong>, en la vuelta de octavos.<\/p>\n<p>Tras haber efectuado un balance m\u00e9dico tres d\u00edas despu\u00e9s de la lesi\u00f3n &#8220;de acuerdo con el jugador, se ha decidido apostar por la opci\u00f3n quir\u00fargica&#8221;, indica el club en un comunicado.<\/p>\n<p>La operaci\u00f3n tendr\u00e1 lugar a finales de esta semana en <strong>Brasil y<\/strong> ser\u00e1 efectuada por el m\u00e9dico de la selecci\u00f3n brasile\u00f1a, <strong>Rodrigo Lasmar<\/strong>, asistido por el prestigioso doctor <strong>Saillant<\/strong>, que asesora al PSG, agrega la entidad.<\/p>\n<blockquote class=\"twitter-tweet\" data-width=\"500\">\n<p lang=\"es\" dir=\"ltr\">Tenemos el reporte m\u00e9dico de <a href=\"https:\/\/twitter.com\/neymarjr?ref_src=twsrc%5Etfw\">@neymarjr<\/a> al d\u00eda de hoy&#8230;<a href=\"https:\/\/t.co\/HG3ijgSpk8\">https:\/\/t.co\/HG3ijgSpk8<\/a><\/p>\n<p>&mdash; PSG Espa\u00f1ol (@PSG_espanol) <a href=\"https:\/\/twitter.com\/PSG_espanol\/status\/968940289942573056?ref_src=twsrc%5Etfw\">February 28, 2018<\/a><\/p><\/blockquote>\n<p><script async src=\"https:\/\/platform.twitter.com\/widgets.js\" charset=\"utf-8\"><\/script><\/p>\n<p>La noticia de la operaci\u00f3n de Neymar acaba con el suspense de la presencia de Neymar en el decisivo duelo de vuelta de los octavos de final de la Liga de Campeones contra el Madrid, en el que el PSG se juega buena parte de su temporada y debe remontar el 3-1 adverso que se trajo del estadio Santiago Bernab\u00e9u.<\/p>\n<p>El PSG hab\u00eda mantenido hasta ahora la esperanza de poder contar con el jugador m\u00e1s caro de la historia, por el que el pasado verano pag\u00f3 al <strong>Barcelona<\/strong> 222 millones de euros.<\/p>\n<p>El entrenador, <strong>Unai Emery,<\/strong> asegur\u00f3 el martes que hab\u00eda una peque\u00f1a posibilidad de que jugara, pero desde Brasil el padre y representante de <strong>Neymar<\/strong> desment\u00eda que su hijo pudiera estar frente al Real Madrid y apuntaba a una baja de ente seis y ocho semanas.<\/p>\n<p style=\"text-align: center;\"><span style=\"color: #3366ff;\"><a href=\"https:\/\/www.futboltotal.com.mx\/futbol-mexicano\/liga-mx\/liga-mx-13-torneos-sin-goleador-mexicano\/2018\/02\">VER M\u00c1S: Liga MX, 13 torneos sin un goleador mexicano<\/a><\/span><\/p>\n<p>Entre bambalinas se entabl\u00f3 un duelo entre el club, que quer\u00eda apurar las opciones de contar con su estrella, y la selecci\u00f3n de Brasil, temerosa de que cualquier riesgo les privara del jugador durante el <strong>Mundial de Rusia<\/strong> que comienza en junio.<\/p>\n<p>Brasil envi\u00f3 incluso a Lasmar a Par\u00eds para reunirse con los m\u00e9dicos del club y, al parecer, finalmente impuso su criterio m\u00e1s conservador.<\/p>\n<p>El argentino \u00c1ngel di Mar\u00eda se perfila como el sustituto de Neymar en el ataque parisiense contra el Real Madrid.<\/p>\n<p>As\u00ed parece indicarlo el hecho de que ocupara ese puesto este mi\u00e9rcoles en el once de salida del partido de cuartos de final de la <strong>Copa de Francia<\/strong> contra el Olympique de Marsella, el pen\u00faltimo duelo antes de medirse a los blancos.<\/p>\n<p>Di Mar\u00eda no disput\u00f3 ni un minuto en el Bernabeu, pero el buen momento de forma que ha mostrado en lo que va de 2018 le convierten en el favorito para medirse a sus excompa\u00f1eros. EFE<\/p>\n","protected":false},"excerpt":{"rendered":"<p>El brasile\u00f1o no estar\u00e1 ante el Real Madrid.<\/p>\n","protected":false},"author":129,"featured_media":514351,"comment_status":"closed","ping_status":"closed","sticky":false,"template":"","format":"standard","meta":[],"categories":[3839,9609],"tags":[36,6001,114,5988],"_links":{"self":[{"href":"http:\/\/desarrollo.grupomedios.com\/futbol\/wp-json\/wp\/v2\/posts\/519146"}],"collection":[{"href":"http:\/\/desarrollo.grupomedios.com\/futbol\/wp-json\/wp\/v2\/posts"}],"about":[{"href":"http:\/\/desarrollo.grupomedios.com\/futbol\/wp-json\/wp\/v2\/types\/post"}],"author":[{"embeddable":true,"href":"http:\/\/desarrollo.grupomedios.com\/futbol\/wp-json\/wp\/v2\/users\/129"}],"replies":[{"embeddable":true,"href":"http:\/\/desarrollo.grupomedios.com\/futbol\/wp-json\/wp\/v2\/comments?post=519146"}],"version-history":[{"count":1,"href":"http:\/\/desarrollo.grupomedios.com\/futbol\/wp-json\/wp\/v2\/posts\/519146\/revisions"}],"predecessor-version":[{"id":519152,"href":"http:\/\/desarrollo.grupomedios.com\/futbol\/wp-json\/wp\/v2\/posts\/519146\/revisions\/519152"}],"wp:featuredmedia":[{"embeddable":true,"href":"http:\/\/desarrollo.grupomedios.com\/futbol\/wp-json\/wp\/v2\/media\/514351"}],"wp:attachment":[{"href":"http:\/\/desarrollo.grupomedios.com\/futbol\/wp-json\/wp\/v2\/media?parent=519146"}],"wp:term":[{"taxonomy":"category","embeddable":true,"href":"http:\/\/desarrollo.grupomedios.com\/futbol\/wp-json\/wp\/v2\/categories?post=519146"},{"taxonomy":"post_tag","embeddable":true,"href":"http:\/\/desarrollo.grupomedios.com\/futbol\/wp-json\/wp\/v2\/tags?post=519146"}],"curies":[{"name":"wp","href":"https:\/\/api.w.org\/{rel}","templated":true}]}}