{"id":519175,"date":"2018-02-28T16:11:05","date_gmt":"2018-02-28T22:11:05","guid":{"rendered":"https:\/\/www.futboltotal.com.mx\/?p=519175"},"modified":"2018-02-28T16:11:05","modified_gmt":"2018-02-28T22:11:05","slug":"no-quiero-parecer-inutil-contra-barcelona-paco-jemez","status":"publish","type":"post","link":"http:\/\/desarrollo.grupomedios.com\/futbol\/futbol-internacional\/no-quiero-parecer-inutil-contra-barcelona-paco-jemez\/2018\/02","title":{"rendered":"No quiero parecer un &#8220;in\u00fatil&#8221; contra Barcelona: Paco J\u00e9mez"},"content":{"rendered":"<p>El entrenador espa\u00f1ol <strong>Paco J\u00e9mez<\/strong> se\u00f1al\u00f3 que no quiere parecer como un <strong>&#8220;aut\u00e9ntico in\u00fatil&#8221;<\/strong> en su duelo de este jueves con <strong>Las Palmas<\/strong> contra el Barcelona.<\/p>\n<p>El ex estratega de <strong>Cruz Azul<\/strong> afirm\u00f3 que el equipo defensivo ha hecho las cosas muy bien y ha corregido mucho el camino.<\/p>\n<p>Sin embargo, en el aspecto ofensivo las cosas han sido diferentes, y aqu\u00ed es donde J\u00e9mez afirm\u00f3 que, <mark>&#8220;despu\u00e9s de lo hecho en Legan\u00e9s, no quiero parecer un aut\u00e9ntico in\u00fatil contra el <strong>Barcelona<\/strong>&#8220;<\/mark>.<\/p>\n<p style=\"text-align: center;\"><span style=\"color: #333399;\"><a href=\"https:\/\/www.futboltotal.com.mx\/futbol-internacional\/fc-barcelona-ya-espera-a-quinto-fantastico\/2018\/02\">VER M\u00c1S:\u00a0<span class=\"item-title\">FC Barcelona ya espera a su \u2018quinto fant\u00e1stico\u2019<\/span><\/a><\/span><\/p>\n<p>Paco J\u00e9mez tiene a Las Palmas en el <strong>lugar 18 de la tabla<\/strong> con 19 unidades, y por ahora estar\u00eda descendido, por lo que sabe la imperiosa necesidad de sumar.<\/p>\n<p>Y J\u00e9mez es sincero, <strong>&#8220;lo \u00fanico que no le perdonar\u00eda a mis jugadores es que pareci\u00e9ramos cobardes&#8221;<\/strong>.<\/p>\n","protected":false},"excerpt":{"rendered":"<p>J\u00e9mez no quiere tener un equipo &#8220;cobarde&#8221; en su duelo contra el Barcelona<\/p>\n","protected":false},"author":160,"featured_media":519177,"comment_status":"closed","ping_status":"closed","sticky":false,"template":"","format":"standard","meta":[],"categories":[3839,3844],"tags":[5984,4465,7053],"_links":{"self":[{"href":"http:\/\/desarrollo.grupomedios.com\/futbol\/wp-json\/wp\/v2\/posts\/519175"}],"collection":[{"href":"http:\/\/desarrollo.grupomedios.com\/futbol\/wp-json\/wp\/v2\/posts"}],"about":[{"href":"http:\/\/desarrollo.grupomedios.com\/futbol\/wp-json\/wp\/v2\/types\/post"}],"author":[{"embeddable":true,"href":"http:\/\/desarrollo.grupomedios.com\/futbol\/wp-json\/wp\/v2\/users\/160"}],"replies":[{"embeddable":true,"href":"http:\/\/desarrollo.grupomedios.com\/futbol\/wp-json\/wp\/v2\/comments?post=519175"}],"version-history":[{"count":1,"href":"http:\/\/desarrollo.grupomedios.com\/futbol\/wp-json\/wp\/v2\/posts\/519175\/revisions"}],"predecessor-version":[{"id":519178,"href":"http:\/\/desarrollo.grupomedios.com\/futbol\/wp-json\/wp\/v2\/posts\/519175\/revisions\/519178"}],"wp:featuredmedia":[{"embeddable":true,"href":"http:\/\/desarrollo.grupomedios.com\/futbol\/wp-json\/wp\/v2\/media\/519177"}],"wp:attachment":[{"href":"http:\/\/desarrollo.grupomedios.com\/futbol\/wp-json\/wp\/v2\/media?parent=519175"}],"wp:term":[{"taxonomy":"category","embeddable":true,"href":"http:\/\/desarrollo.grupomedios.com\/futbol\/wp-json\/wp\/v2\/categories?post=519175"},{"taxonomy":"post_tag","embeddable":true,"href":"http:\/\/desarrollo.grupomedios.com\/futbol\/wp-json\/wp\/v2\/tags?post=519175"}],"curies":[{"name":"wp","href":"https:\/\/api.w.org\/{rel}","templated":true}]}}