{"id":519225,"date":"2018-03-01T09:31:01","date_gmt":"2018-03-01T15:31:01","guid":{"rendered":"https:\/\/www.futboltotal.com.mx\/?p=519225"},"modified":"2018-03-01T09:34:26","modified_gmt":"2018-03-01T15:34:26","slug":"fcbarcelona-enfrentara-a-los-mejores-en-el-mundo-de-los-esports","status":"publish","type":"post","link":"http:\/\/desarrollo.grupomedios.com\/futbol\/futbol-internacional\/fcbarcelona-enfrentara-a-los-mejores-en-el-mundo-de-los-esports\/2018\/03","title":{"rendered":"FC Barcelona enfrentar\u00e1 a los mejores en el mundo de los eSports"},"content":{"rendered":"<p>El <strong>Barcelona<\/strong> ser\u00e1 el primer club de futbol profesional que se sumar\u00e1 a un torneo en modo electr\u00f3nico confirm\u00f3 la empresa de videojuegos <strong>KONAMI<\/strong>, encargada de organizar la competencia, en conjunto con <strong>eFootball.Pro<\/strong>.<\/p>\n<p>El zaguero central <strong>Gerard Piqu\u00e9<\/strong>, el fundador de eFootball.Pro, manifest\u00f3 su entusiasmo porque su club se unir\u00e1 a este innovador proyecto del mundo de los eSports al decir: &#8220;El <strong>Bar\u00e7a<\/strong> aportar\u00e1 sus valores a la competencia y estoy seguro de que ser\u00e1 un gran rival para el resto de los equipos&#8221;.<\/p>\n<p>https:\/\/twitter.com\/eFootballPro\/status\/968502024139689984<\/p>\n<p style=\"text-align: center;\"><a href=\"https:\/\/www.futboltotal.com.mx\/futbol-internacional\/gerard-pique-creara-una-liga-esports-futbol-junto-a-konami\/2017\/11\"><span style=\"color: #3366ff;\">Ver m\u00e1s:\u00a0Gerard Piqu\u00e9 crear\u00e1 una liga de eSports de futbol junto a Konami<\/span><\/a><\/p>\n<p>Manel Arroyo, vicepresidente de marketing y comunicaci\u00f3n del <strong>FC Barcelona<\/strong> asegura que con esta acci\u00f3n, el club demuestra su intenci\u00f3n &#8220;de estar al tanto de lo que sucede en el mundo global y tecnol\u00f3gico&#8221; y promete que \u2013ante el crecimiento de los eSports en los a\u00f1os recientes\u2013 &#8220;el <strong>equipo<\/strong> se abrir\u00e1 camino para tambi\u00e9n ser l\u00edder en el campo&#8221;.<\/p>\n<p>Tras el anuncio de la incorporaci\u00f3n del club blaugrana a los eSports, pronto se dar\u00e1n a conocer m\u00e1s detalles y nuevos miembros de la competencia.<\/p>\n<p style=\"text-align: center;\"><a href=\"https:\/\/www.futboltotal.com.mx\/futbol-internacional\/liga-de-espana\/fc-barcelona-ya-espera-a-quinto-fantastico\/2018\/02\"><span style=\"color: #3366ff;\">Ver m\u00e1s:\u00a0FC Barcelona ya espera a su \u2018quinto fant\u00e1stico\u2019<\/span><\/a><\/p>\n<p>&nbsp;<\/p>\n","protected":false},"excerpt":{"rendered":"<p>La intenci\u00f3n del club ser\u00e1 ser l\u00edder en el campo de los eSports.<\/p>\n","protected":false},"author":127,"featured_media":519231,"comment_status":"closed","ping_status":"closed","sticky":false,"template":"","format":"standard","meta":[],"categories":[3839,3844],"tags":[5984,8612,6214,6015],"_links":{"self":[{"href":"http:\/\/desarrollo.grupomedios.com\/futbol\/wp-json\/wp\/v2\/posts\/519225"}],"collection":[{"href":"http:\/\/desarrollo.grupomedios.com\/futbol\/wp-json\/wp\/v2\/posts"}],"about":[{"href":"http:\/\/desarrollo.grupomedios.com\/futbol\/wp-json\/wp\/v2\/types\/post"}],"author":[{"embeddable":true,"href":"http:\/\/desarrollo.grupomedios.com\/futbol\/wp-json\/wp\/v2\/users\/127"}],"replies":[{"embeddable":true,"href":"http:\/\/desarrollo.grupomedios.com\/futbol\/wp-json\/wp\/v2\/comments?post=519225"}],"version-history":[{"count":5,"href":"http:\/\/desarrollo.grupomedios.com\/futbol\/wp-json\/wp\/v2\/posts\/519225\/revisions"}],"predecessor-version":[{"id":519237,"href":"http:\/\/desarrollo.grupomedios.com\/futbol\/wp-json\/wp\/v2\/posts\/519225\/revisions\/519237"}],"wp:featuredmedia":[{"embeddable":true,"href":"http:\/\/desarrollo.grupomedios.com\/futbol\/wp-json\/wp\/v2\/media\/519231"}],"wp:attachment":[{"href":"http:\/\/desarrollo.grupomedios.com\/futbol\/wp-json\/wp\/v2\/media?parent=519225"}],"wp:term":[{"taxonomy":"category","embeddable":true,"href":"http:\/\/desarrollo.grupomedios.com\/futbol\/wp-json\/wp\/v2\/categories?post=519225"},{"taxonomy":"post_tag","embeddable":true,"href":"http:\/\/desarrollo.grupomedios.com\/futbol\/wp-json\/wp\/v2\/tags?post=519225"}],"curies":[{"name":"wp","href":"https:\/\/api.w.org\/{rel}","templated":true}]}}