{"id":519255,"date":"2018-03-01T13:35:08","date_gmt":"2018-03-01T19:35:08","guid":{"rendered":"https:\/\/www.futboltotal.com.mx\/?p=519255"},"modified":"2018-03-01T16:03:15","modified_gmt":"2018-03-01T22:03:15","slug":"ud-las-palmas-vs-fc-barcelona-laliga-en-vivo-minuto-a-minuto","status":"publish","type":"post","link":"http:\/\/desarrollo.grupomedios.com\/futbol\/futbol-internacional\/ud-las-palmas-vs-fc-barcelona-laliga-en-vivo-minuto-a-minuto\/2018\/03","title":{"rendered":"UD Las Palmas vs FC Barcelona | LaLiga | EN VIVO: Minuto a minuto"},"content":{"rendered":"<p>El FC Barcelona tiene prohibido tropezar este jueves en su visita a la UD Las\u00a0<span class=\"classCadenaBusqueda\">Palmas<\/span>\u00a0si quiere mantener su ventaja en lo m\u00e1s alto de la clasificaci\u00f3n de LaLiga sobre el Atl\u00e9tico de Madrid, al que recibir\u00e1 en el Camp Nou el pr\u00f3ximo domingo en un partido clave para el desenlace de la competici\u00f3n.<\/p>\n<div><iframe src=\"https:\/\/en-vivo.futboltotal.com.mx\/embed.php\/?id=618\" width=\"100%\" id=\"frame_minuto\"><\/iframe><\/div>\n<p>Las\u00a0<span class=\"classCadenaBusqueda\">Palmas<\/span>, condenada a luchar por salvar la categor\u00eda sin su estrella Jonathan Viera, traspasado al f\u00fatbol chino, espera competir ante el coloso azulgrana, aunque es consciente de la te\u00f3rica desigualdad del choque, y m\u00e1xime despu\u00e9s de haber sido esta temporada muy vulnerable en casa, donde ha perdido siete partidos.<\/p>\n<p>Las bajas en el equipo amarillo tampoco ayudan demasiado. El centrocampista argentino Gabriel Pe\u00f1alba, pivote por delante de la zaga, contin\u00faa lesionado, por lo que es probable que Vicente G\u00f3mez repita en esa posici\u00f3n, como ya hizo el pasado s\u00e1bado en Butarque ante el Legan\u00e9s (0-0). J\u00e9mez tampoco puede contar con el extremo isle\u00f1o Jer\u00f3nimo Figueroa &#8216;Momo&#8217;, ni con el delantero centro nigeriano Emmanuel Emenike,<\/p>\n<p>Una de las dudas es si Valverde apostar\u00e1 por las rotaciones en ataque, m\u00e1s aun si se tiene en cuenta que Luis Su\u00e1rez, que ante el Girona busc\u00f3 sin \u00e9xito la tarjeta amarilla, est\u00e1 a una cartulina de la suspensi\u00f3n. El delantero Paco Alc\u00e1cer se postulaba como una alternativa para suplir al uruguayo, pero ayer no se entren\u00f3 con sus compa\u00f1eros aquejado de una gastroenteritis.<\/p>\n<p>Uno de los fijos que no viajar\u00e1 a Las\u00a0<span class=\"classCadenaBusqueda\">Palmas<\/span>\u00a0es Jordi Alba, sancionado, mientras que Nelson Semedo tampoco entrar\u00e1 en la convocatoria debido a una lesi\u00f3n en el b\u00edceps femoral izquierdo. El portugu\u00e9s estar\u00e1 cinco semanas en el dique seco.<\/p>\n","protected":false},"excerpt":{"rendered":"<p>Los blaugranas estar\u00e1n buscando salir vivos del campo de Las Palmas previo a su duelo ante el Atl\u00e9tico de Madrid<\/p>\n","protected":false},"author":159,"featured_media":519257,"comment_status":"closed","ping_status":"closed","sticky":false,"template":"","format":"standard","meta":[],"categories":[3839,3844],"tags":[253,1083,6114,9250],"_links":{"self":[{"href":"http:\/\/desarrollo.grupomedios.com\/futbol\/wp-json\/wp\/v2\/posts\/519255"}],"collection":[{"href":"http:\/\/desarrollo.grupomedios.com\/futbol\/wp-json\/wp\/v2\/posts"}],"about":[{"href":"http:\/\/desarrollo.grupomedios.com\/futbol\/wp-json\/wp\/v2\/types\/post"}],"author":[{"embeddable":true,"href":"http:\/\/desarrollo.grupomedios.com\/futbol\/wp-json\/wp\/v2\/users\/159"}],"replies":[{"embeddable":true,"href":"http:\/\/desarrollo.grupomedios.com\/futbol\/wp-json\/wp\/v2\/comments?post=519255"}],"version-history":[{"count":1,"href":"http:\/\/desarrollo.grupomedios.com\/futbol\/wp-json\/wp\/v2\/posts\/519255\/revisions"}],"predecessor-version":[{"id":519258,"href":"http:\/\/desarrollo.grupomedios.com\/futbol\/wp-json\/wp\/v2\/posts\/519255\/revisions\/519258"}],"wp:featuredmedia":[{"embeddable":true,"href":"http:\/\/desarrollo.grupomedios.com\/futbol\/wp-json\/wp\/v2\/media\/519257"}],"wp:attachment":[{"href":"http:\/\/desarrollo.grupomedios.com\/futbol\/wp-json\/wp\/v2\/media?parent=519255"}],"wp:term":[{"taxonomy":"category","embeddable":true,"href":"http:\/\/desarrollo.grupomedios.com\/futbol\/wp-json\/wp\/v2\/categories?post=519255"},{"taxonomy":"post_tag","embeddable":true,"href":"http:\/\/desarrollo.grupomedios.com\/futbol\/wp-json\/wp\/v2\/tags?post=519255"}],"curies":[{"name":"wp","href":"https:\/\/api.w.org\/{rel}","templated":true}]}}