{"id":519263,"date":"2018-03-01T11:13:41","date_gmt":"2018-03-01T17:13:41","guid":{"rendered":"https:\/\/www.futboltotal.com.mx\/?p=519263"},"modified":"2018-03-01T11:13:41","modified_gmt":"2018-03-01T17:13:41","slug":"arsenal-afrontaria-verano-10-bajas","status":"publish","type":"post","link":"http:\/\/desarrollo.grupomedios.com\/futbol\/futbol-internacional\/arsenal-afrontaria-verano-10-bajas\/2018\/03","title":{"rendered":"El Arsenal afrontar\u00eda un verano con hasta 10 bajas"},"content":{"rendered":"<p>El equipo del <strong>Arsenal<\/strong> est\u00e1 viviendo una de sus temporadas m\u00e1s complicadas, actualmente se encuentra en la sexta posici\u00f3n en la<strong> Premier League<\/strong> y se encuentra muy lejos de un posible boleto para la<strong> Champions League<\/strong>; el entrenador franc\u00e9s\u00a0<strong>Arsene Wenger<\/strong> se encuentra tambaleante y comienzan a surgir nombres alrededor del puesto como\u00a0<strong>Carlo Ancelotti, Brendan Rodgers, Mikel Arteta, Leonardo Jardim o Joachim L\u00f6w.<\/strong><\/p>\n<p>En tanto, mientras deciden al pr\u00f3ximo entrenador de la plantilla, en caso de cambiarlo, la plantilla afrontar\u00e1 una convulsi\u00f3n total, pues en este mercado de invierno tuvieron las llegadas de elementos de peso como <strong>Pierre-Emerick Aubameyang, Henrikh Mkhitaryan<\/strong> y el joven <strong>Konstantinos Mavropanos<\/strong>; adem\u00e1s de las salidas de<strong>\u00a0Alexis S\u00e1nchez, Olivier Giroud<\/strong> y <strong>Francis Coquelin<\/strong> y de acuerdo con\u00a0The Telegraph,, ser\u00edan hasta 10 futbolistas que tendr\u00edan listas las maletas para marcharse del equipo Gunner.<\/p>\n<p style=\"text-align: center;\"><a href=\"https:\/\/www.futboltotal.com.mx\/futbol-internacional\/lo-iconicos-kits-adidas-los-grandes-europa\/2018\/03\">VER M\u00c1S: Lo ic\u00f3nicos kits de adidas para los grandes de Europa<\/a><\/p>\n<p>El primero que ya tendr\u00eda preparada su salida es el lateral de 22 a\u00f1os<strong>\u00a0H\u00e9ctor Beller\u00edn<\/strong>, quien se encuentra cerca del\u00a0FC Barcelona y Manchester City, por otro lado otro de los elementos defensivos que se marchar\u00edan ser\u00eda\u00a0<strong>Shkodran Mustafi<\/strong> de 25 a\u00f1os, de quien se esperaba m\u00e1s por los 40 millones de euros que pagaron por \u00e9l, de igual forma el central por izquierda de Bosnia <strong>Sead Kolasinac<\/strong> quien tuvo un buen inicio pero no termin\u00f3 por despuntar. En la medular y defensa central tendr\u00edan la baja de\u00a0<strong>Calum Chambers<\/strong> con 23 a\u00f1os y es uno de los que ha tenido menor participaci\u00f3n. De igual forma el colombiano de 29 a\u00f1os\u00a0<strong>David Ospina<\/strong> habr\u00f1ia expresado se deseo de marcharse a falta de un a\u00f1o para que termine el contrato.<\/p>\n<p>Uno de los elementos de media cancha que no ha terminado por acostumbrarse al rol defensivo es el suizo de 25 a\u00f1os\u00a0<strong>Granit Xhaka<\/strong> pero los Gunners ven complicado recuperar los 45 millones de euros que invirtieron en el jugador; otro de los elementos de mediocampo que se marchar\u00eda es\u00a0<strong>Jack Wilshere<\/strong> que a sus 26 a\u00f1os no sabe qu\u00e9 ser\u00e1 de su destino al no consolidarse. Dos elementos que se marchar\u00edan son el egipcio de 25 a\u00f1os<strong> Mohamed Elneny<\/strong> y el ingl\u00e9s <strong>Danny Welbeck<\/strong> de 27 a\u00f1os, pues el puesto por la delantera est\u00e1 m\u00e1s que ocupado.<\/p>\n<p style=\"text-align: center;\"><a href=\"https:\/\/www.futboltotal.com.mx\/futbol-mexicano\/liga-mx\/9-jugadores-debieron-llegar-a-la-liga-mx-este-cl18\/2018\/02\">VER M\u00c1S: 9 jugadores que no debieron llegar a la Liga MX este CL18<\/a><\/p>\n<p>&nbsp;<\/p>\n<p>&nbsp;<\/p>\n<p>&nbsp;<\/p>\n","protected":false},"excerpt":{"rendered":"<p>El equipo Gunner est\u00e1 enfrentando una serie de cambios importantes en la plantilla <\/p>\n","protected":false},"author":159,"featured_media":519265,"comment_status":"closed","ping_status":"closed","sticky":false,"template":"","format":"standard","meta":[],"categories":[3839,3846],"tags":[6044,2177,334],"_links":{"self":[{"href":"http:\/\/desarrollo.grupomedios.com\/futbol\/wp-json\/wp\/v2\/posts\/519263"}],"collection":[{"href":"http:\/\/desarrollo.grupomedios.com\/futbol\/wp-json\/wp\/v2\/posts"}],"about":[{"href":"http:\/\/desarrollo.grupomedios.com\/futbol\/wp-json\/wp\/v2\/types\/post"}],"author":[{"embeddable":true,"href":"http:\/\/desarrollo.grupomedios.com\/futbol\/wp-json\/wp\/v2\/users\/159"}],"replies":[{"embeddable":true,"href":"http:\/\/desarrollo.grupomedios.com\/futbol\/wp-json\/wp\/v2\/comments?post=519263"}],"version-history":[{"count":1,"href":"http:\/\/desarrollo.grupomedios.com\/futbol\/wp-json\/wp\/v2\/posts\/519263\/revisions"}],"predecessor-version":[{"id":519266,"href":"http:\/\/desarrollo.grupomedios.com\/futbol\/wp-json\/wp\/v2\/posts\/519263\/revisions\/519266"}],"wp:featuredmedia":[{"embeddable":true,"href":"http:\/\/desarrollo.grupomedios.com\/futbol\/wp-json\/wp\/v2\/media\/519265"}],"wp:attachment":[{"href":"http:\/\/desarrollo.grupomedios.com\/futbol\/wp-json\/wp\/v2\/media?parent=519263"}],"wp:term":[{"taxonomy":"category","embeddable":true,"href":"http:\/\/desarrollo.grupomedios.com\/futbol\/wp-json\/wp\/v2\/categories?post=519263"},{"taxonomy":"post_tag","embeddable":true,"href":"http:\/\/desarrollo.grupomedios.com\/futbol\/wp-json\/wp\/v2\/tags?post=519263"}],"curies":[{"name":"wp","href":"https:\/\/api.w.org\/{rel}","templated":true}]}}