{"id":519264,"date":"2018-03-01T13:01:27","date_gmt":"2018-03-01T19:01:27","guid":{"rendered":"https:\/\/www.futboltotal.com.mx\/?p=519264"},"modified":"2018-03-01T13:01:27","modified_gmt":"2018-03-01T19:01:27","slug":"hijo-8-anos-marcelo-ya-crack","status":"publish","type":"post","link":"http:\/\/desarrollo.grupomedios.com\/futbol\/futbol-internacional\/hijo-8-anos-marcelo-ya-crack\/2018\/03","title":{"rendered":"El hijo de 8 a\u00f1os de Marcelo ya es un crack y su padre lo presume"},"content":{"rendered":"<p>De tal padre, tal hijo.<\/p>\n<p>El primog\u00e9nito de <strong>Marcelo,<\/strong>\u00a0lateral del <strong>Real Madrid,<\/strong> quiere seguir los pasos de su pap\u00e1 y ser un gran futbolista. <mark>El peque\u00f1o\u00a0<strong>Enzo Vieira<\/strong>\u00a0ya empez\u00f3 su recorrido en el <em>Benjam\u00edn B<\/em> del club espa\u00f1ol, pero como delantero.<\/mark> Y parece que le va bien: el carrilero brasile\u00f1o poste\u00f3 un video en su cuenta de Instagram, y lleno de orgullo, muestra como el ni\u00f1o de ocho a\u00f1os hace un triplete, con dos goles de jugada y uno de cabeza.<\/p>\n<p style=\"text-align: center;\"><a href=\"https:\/\/www.futboltotal.com.mx\/futbol-internacional\/lo-iconicos-kits-adidas-los-grandes-europa\/2018\/03\">VER M\u00c1S: Los ic\u00f3nicos kits de adidas para los grandes de Europa<\/a><\/p>\n<p><em>&#8220;Mi orgullo, mi amor, mi hijo, mi alegr\u00eda. Mi fuente de inspiraci\u00f3n. \u00a1Qu\u00e9 sensaci\u00f3n m\u00e1s agradable verte crecer!&#8221;,<\/em> escribi\u00f3 el lateral presumiendo a su talentoso chiquillo. Adem\u00e1s, <mark>en las im\u00e1genes se ve como <strong>Enzo<\/strong> lleva el 12,<\/mark> el mismo n\u00famero que usa su padre con el <em>Merengue.<\/em><\/p>\n<p>\u00a1Es un verdadero talento del futuro! \ud83d\ude42<\/p>\n<blockquote class=\"instagram-media\" style=\"background: #FFF; border: 0; border-radius: 3px; box-shadow: 0 0 1px 0 rgba(0,0,0,0.5),0 1px 10px 0 rgba(0,0,0,0.15); margin: 1px; max-width: 658px; padding: 0; width: calc(100% - 2px);\" data-instgrm-captioned=\"\" data-instgrm-permalink=\"https:\/\/www.instagram.com\/p\/Bfqr05VAyCl\/\" data-instgrm-version=\"8\">\n<div style=\"padding: 8px;\">\n<div style=\"background: #F8F8F8; line-height: 0; margin-top: 40px; padding: 28.26388888888889% 0; text-align: center; width: 100%;\"><\/div>\n<p style=\"margin: 8px 0 0 0; padding: 0 4px;\"><a style=\"color: #000; font-family: Arial,sans-serif; font-size: 14px; font-style: normal; font-weight: normal; line-height: 17px; text-decoration: none; word-wrap: break-word;\" href=\"https:\/\/www.instagram.com\/p\/Bfqr05VAyCl\/\" target=\"_blank\" rel=\"noopener\">Meu Orgulho, Meu Amor, Meu Filho, Minha Alegria. Minha fonte de inspira\u00e7\u00e3o!!! @enzoalvesv Que sensa\u00e7\u00e3o gostosa ver vc crescendo! \u2764\ufe0f\u26bd\ufe0f&#x1f4aa;&#x1f3fe;@claricealves @caio_alves12 #hattrick #Killer<\/a><\/p>\n<p style=\"color: #c9c8cd; font-family: Arial,sans-serif; font-size: 14px; line-height: 17px; margin-bottom: 0; margin-top: 8px; overflow: hidden; padding: 8px 0 7px; text-align: center; text-overflow: ellipsis; white-space: nowrap;\">Una publicaci\u00f3n compartida de <a style=\"color: #c9c8cd; font-family: Arial,sans-serif; font-size: 14px; font-style: normal; font-weight: normal; line-height: 17px;\" href=\"https:\/\/www.instagram.com\/marcelotwelve\/\" target=\"_blank\" rel=\"noopener\"> Marcelo Vieira Jr.<\/a> (@marcelotwelve) el <time style=\"font-family: Arial,sans-serif; font-size: 14px; line-height: 17px;\" datetime=\"2018-02-26T16:44:58+00:00\">Feb 26, 2018 at 8:44 PST<\/time><\/p>\n<\/div>\n<\/blockquote>\n<p><script async defer src=\"\/\/www.instagram.com\/embed.js\"><\/script><\/p>\n","protected":false},"excerpt":{"rendered":"<p>El ni\u00f1o, que juega en las infantiles del Real Madrid, marca verdaderos golazos. <\/p>\n","protected":false},"author":165,"featured_media":519280,"comment_status":"closed","ping_status":"closed","sticky":false,"template":"","format":"standard","meta":[],"categories":[3839,3844],"tags":[11949,11948,3658,10155,3312,11947,1197,5988],"_links":{"self":[{"href":"http:\/\/desarrollo.grupomedios.com\/futbol\/wp-json\/wp\/v2\/posts\/519264"}],"collection":[{"href":"http:\/\/desarrollo.grupomedios.com\/futbol\/wp-json\/wp\/v2\/posts"}],"about":[{"href":"http:\/\/desarrollo.grupomedios.com\/futbol\/wp-json\/wp\/v2\/types\/post"}],"author":[{"embeddable":true,"href":"http:\/\/desarrollo.grupomedios.com\/futbol\/wp-json\/wp\/v2\/users\/165"}],"replies":[{"embeddable":true,"href":"http:\/\/desarrollo.grupomedios.com\/futbol\/wp-json\/wp\/v2\/comments?post=519264"}],"version-history":[{"count":1,"href":"http:\/\/desarrollo.grupomedios.com\/futbol\/wp-json\/wp\/v2\/posts\/519264\/revisions"}],"predecessor-version":[{"id":519281,"href":"http:\/\/desarrollo.grupomedios.com\/futbol\/wp-json\/wp\/v2\/posts\/519264\/revisions\/519281"}],"wp:featuredmedia":[{"embeddable":true,"href":"http:\/\/desarrollo.grupomedios.com\/futbol\/wp-json\/wp\/v2\/media\/519280"}],"wp:attachment":[{"href":"http:\/\/desarrollo.grupomedios.com\/futbol\/wp-json\/wp\/v2\/media?parent=519264"}],"wp:term":[{"taxonomy":"category","embeddable":true,"href":"http:\/\/desarrollo.grupomedios.com\/futbol\/wp-json\/wp\/v2\/categories?post=519264"},{"taxonomy":"post_tag","embeddable":true,"href":"http:\/\/desarrollo.grupomedios.com\/futbol\/wp-json\/wp\/v2\/tags?post=519264"}],"curies":[{"name":"wp","href":"https:\/\/api.w.org\/{rel}","templated":true}]}}