{"id":519267,"date":"2018-03-01T11:21:22","date_gmt":"2018-03-01T17:21:22","guid":{"rendered":"https:\/\/www.futboltotal.com.mx\/?p=519267"},"modified":"2018-03-01T12:38:57","modified_gmt":"2018-03-01T18:38:57","slug":"carlos-vela-la-estrella-que-brillo-de-manera-fugaz","status":"publish","type":"post","link":"http:\/\/desarrollo.grupomedios.com\/futbol\/destacado-home\/carlos-vela-la-estrella-que-brillo-de-manera-fugaz\/2018\/03","title":{"rendered":"Carlos Vela, la estrella que brill\u00f3 de manera fugaz"},"content":{"rendered":"<p>El delantero mexicano <strong>Carlos Vela<\/strong> cumple 29 a\u00f1os y en la actualidad jugar\u00e1 para <strong>Los Angeles FC<\/strong>, algo que nos recuerda la forma en que el mexicano decidi\u00f3 no brillar en el futbol a pesar que ten\u00eda todo el talento para hacerlo; una carrera llena de claroscuros que marc\u00f3 su etapa en <strong>Europa<\/strong> y la <strong>Selecci\u00f3n Mexicana<\/strong>, asteriscos que siempre quedar\u00e1n ah\u00ed, como cicatrices de lo que pudo ser uno de los futbolistas m\u00e1s brillantes en la historia del balompie azteca.<\/p>\n<h2>El Mundial que lo cambi\u00f3 todo<\/h2>\n<p>Sin duda alguna no se puede hablar de Carlos Vela sin aquel Mundial Sub 17 de Per\u00fa en donde acab\u00f3 como campe\u00f3n goleador del torneo y siendo uno de los referentes de aquellos &#8216;Ni\u00f1os h\u00e9roes&#8217; esto definitivamente fue el parteaguas m\u00e1s importante en la carrera del mexicano, pues este torneo lo llev\u00f3 a ser seguido por el Arsenal de Inglaterra y as\u00ed comenzar\u00eda la historia futbol\u00edstica importante del delantero azteca.<\/p>\n<p><img decoding=\"async\" loading=\"lazy\" class=\"aligncenter size-full wp-image-519270\" src=\"https:\/\/www.futboltotal.com.mx\/wp-content\/uploads\/2018\/03\/carlos-vela-peru-2005.jpg\" alt=\"Carlos Vela, la estrella que brill\u00f3 de manera fugaz 0\" srcset=\"http:\/\/desarrollo.grupomedios.com\/futbol\/wp-content\/uploads\/2018\/03\/carlos-vela-peru-2005.jpg 1000w, http:\/\/desarrollo.grupomedios.com\/futbol\/wp-content\/uploads\/2018\/03\/carlos-vela-peru-2005-300x169.jpg 300w, http:\/\/desarrollo.grupomedios.com\/futbol\/wp-content\/uploads\/2018\/03\/carlos-vela-peru-2005-768x432.jpg 768w, http:\/\/desarrollo.grupomedios.com\/futbol\/wp-content\/uploads\/2018\/03\/carlos-vela-peru-2005-393x221.jpg 393w\" sizes=\"(max-width: 1000px) 100vw, 1000px\" \/><\/p>\n<h2>No pudo consolidarse en Inglaterra<\/h2>\n<p>Luego de dos pr\u00e9stamos con el Salamanca y el Osasuna donde el mexicano pudo mostrar su capacidad goleadora e incluso de juego fuera del \u00e1rea tuvo su primera oportunidad con el cuadro Gunner en Inglaterra, pero lamentablemente despu\u00e9s de tres a\u00f1os no se pudo consolidar como un atacante de garant\u00edas para Arsene Wenger; jug\u00f3 un total de 55 partidos entre Premier League, UEFA Champions League, FA Cup y Copa de la Liga en los que logr\u00f3 anotar 6 goles, una cosecha muy pobre que mostr\u00f3 a un Vela falto de oportunidades y consolidaci\u00f3n dentro del equipo.<\/p>\n<p><iframe loading=\"lazy\" src=\"https:\/\/www.youtube.com\/embed\/uueLbIU1bmg?start=11\" frameborder=\"0\" allowfullscreen=\"allowfullscreen\"><\/iframe><\/p>\n<p style=\"text-align: center;\"><a href=\"https:\/\/www.futboltotal.com.mx\/futbol-internacional\/lo-iconicos-kits-adidas-los-grandes-europa\/2018\/03\">VER M\u00c1S: Lo ic\u00f3nicos kits de adidas para los grandes de Europa<\/a><\/p>\n<h2>Una Vela que alumbro en Espa\u00f1a<\/h2>\n<p>El cambio definitivo de equipo se hizo en 2011, luego de un paso inestable en West Bromwich, el mexicano lleg\u00f3 a la Real Sociedad sin muchas expectativas, pero el mexicano logr\u00f3 retribuir al cuadro de San Sebasti\u00e1n la inversi\u00f3n realizada; vivieron un idilio que dur\u00f3 7 temporadas en las que el mexicano se convirti\u00f3 en un aut\u00e9ntico &#8216;Rey&#8217; de Anoeta.<\/p>\n<p><iframe loading=\"lazy\" src=\"https:\/\/www.youtube.com\/embed\/i7BA0erj_mM\" frameborder=\"0\" allowfullscreen=\"allowfullscreen\"><\/iframe><\/p>\n<p>El delantero n\u00famero &#8217;11&#8217; de la Real Sociedad hizo una dupla extraordinaria con el franc\u00e9s Antoine Griezmann. Sus n\u00fameros con el equipo donostiarra siempre ser\u00e1n dignos de rescatarse como uno de los delanteros referentes de este equipo y en el balompi\u00e9 azteca. Particip\u00f3 en 219 partidos de LaLiga, 19 partidos de Copa del Rey, 8 de Champions League y 4 en la Europa League; un total de 73 goles con el equipo\u00a0Txuri-urdin.<\/p>\n<p>Pero a sus 27 a\u00f1os, donde parec\u00eda que pod\u00eda dar m\u00e1s por el equipo y sobre todo pensando en el momento futbol\u00edstico que pod\u00eda venir de cara a una Copa del Mundo, el delantero mexicano decidi\u00f3 marcharse un poco por la puerta de atr\u00e1s para emigrar al futbol de la MLS.<\/p>\n<p><img decoding=\"async\" loading=\"lazy\" class=\"aligncenter size-full wp-image-519273\" src=\"https:\/\/www.futboltotal.com.mx\/wp-content\/uploads\/2018\/03\/carlos-vela-real-sociedad-despedida.jpg\" alt=\"Carlos Vela, la estrella que brill\u00f3 de manera fugaz 1\" srcset=\"http:\/\/desarrollo.grupomedios.com\/futbol\/wp-content\/uploads\/2018\/03\/carlos-vela-real-sociedad-despedida.jpg 780w, http:\/\/desarrollo.grupomedios.com\/futbol\/wp-content\/uploads\/2018\/03\/carlos-vela-real-sociedad-despedida-300x171.jpg 300w, http:\/\/desarrollo.grupomedios.com\/futbol\/wp-content\/uploads\/2018\/03\/carlos-vela-real-sociedad-despedida-768x438.jpg 768w\" sizes=\"(max-width: 780px) 100vw, 780px\" \/><\/p>\n<h2>La Selecci\u00f3n Mexicana una cuenta pendiente y la MLS<\/h2>\n<p>Su paso por el equipo Tricolor est\u00e1 marcado como uno de los pasajes m\u00e1s oscuros de su carrera, a pesar de ser parte de la plantilla que disput\u00f3 la Copa del Mundo de Sud\u00e1frica 2010 en donde disput\u00f3 100 minutos en dos encuentros. Sin embargo la parte que ser\u00e1 recordada por los mexicanos es el rechazo que tuvo para disputar la Copa del Mundo de 2014 en Brasil, justo cuando el mexicano se encontraba en estado de gracia, teniendo su mejor cuota goleadora.<\/p>\n<p><img decoding=\"async\" loading=\"lazy\" class=\"aligncenter size-full wp-image-519274\" src=\"https:\/\/www.futboltotal.com.mx\/wp-content\/uploads\/2018\/03\/carlos-vela-sudafrica-2010.jpg\" alt=\"Carlos Vela, la estrella que brill\u00f3 de manera fugaz 2\" srcset=\"http:\/\/desarrollo.grupomedios.com\/futbol\/wp-content\/uploads\/2018\/03\/carlos-vela-sudafrica-2010.jpg 600w, http:\/\/desarrollo.grupomedios.com\/futbol\/wp-content\/uploads\/2018\/03\/carlos-vela-sudafrica-2010-300x200.jpg 300w\" sizes=\"(max-width: 600px) 100vw, 600px\" \/><\/p>\n<p>En la actualidad ha indicado que est\u00e1 al 100% concentrado en disputar el Mundial de Rusia 2018, pero la realidad es que viene en una declive importante y toda la apuesta es que logre retomar un nivel importante en la Major League Soccer con Los Angeles FC, algo que parece complicado pues apenas en marzo comienza el torneo en Estados Unidos y llegar\u00eda apenas en ritmo con la Selecci\u00f3n Mexicana.<\/p>\n<p><img decoding=\"async\" loading=\"lazy\" class=\"aligncenter size-full wp-image-518758\" src=\"https:\/\/www.futboltotal.com.mx\/wp-content\/uploads\/2018\/02\/carlos-vela-mls.jpg\" alt=\"Carlos Vela, la estrella que brill\u00f3 de manera fugaz 3\" srcset=\"http:\/\/desarrollo.grupomedios.com\/futbol\/wp-content\/uploads\/2018\/02\/carlos-vela-mls.jpg 1136w, http:\/\/desarrollo.grupomedios.com\/futbol\/wp-content\/uploads\/2018\/02\/carlos-vela-mls-300x169.jpg 300w, http:\/\/desarrollo.grupomedios.com\/futbol\/wp-content\/uploads\/2018\/02\/carlos-vela-mls-768x432.jpg 768w, http:\/\/desarrollo.grupomedios.com\/futbol\/wp-content\/uploads\/2018\/02\/carlos-vela-mls-1024x576.jpg 1024w, http:\/\/desarrollo.grupomedios.com\/futbol\/wp-content\/uploads\/2018\/02\/carlos-vela-mls-393x221.jpg 393w\" sizes=\"(max-width: 1136px) 100vw, 1136px\" \/><\/p>\n<p>&nbsp;<\/p>\n<p style=\"text-align: center;\"><a href=\"https:\/\/www.futboltotal.com.mx\/futbol-mexicano\/liga-mx\/asi-era-la-liga-mx-20-equipos-lo-recuerdas\/2018\/03\">VER M\u00c1S: As\u00ed era la Liga MX con 20 equipos, \u00bfLo recuerdas?<\/a><\/p>\n","protected":false},"excerpt":{"rendered":"<p>El mexicano ha tenido una carrera llena de altibajos, los cuales han sido determinantes en su carrera <\/p>\n","protected":false},"author":159,"featured_media":519275,"comment_status":"closed","ping_status":"closed","sticky":false,"template":"","format":"standard","meta":[],"categories":[5,3839],"tags":[6048,352,8503,195,102],"_links":{"self":[{"href":"http:\/\/desarrollo.grupomedios.com\/futbol\/wp-json\/wp\/v2\/posts\/519267"}],"collection":[{"href":"http:\/\/desarrollo.grupomedios.com\/futbol\/wp-json\/wp\/v2\/posts"}],"about":[{"href":"http:\/\/desarrollo.grupomedios.com\/futbol\/wp-json\/wp\/v2\/types\/post"}],"author":[{"embeddable":true,"href":"http:\/\/desarrollo.grupomedios.com\/futbol\/wp-json\/wp\/v2\/users\/159"}],"replies":[{"embeddable":true,"href":"http:\/\/desarrollo.grupomedios.com\/futbol\/wp-json\/wp\/v2\/comments?post=519267"}],"version-history":[{"count":2,"href":"http:\/\/desarrollo.grupomedios.com\/futbol\/wp-json\/wp\/v2\/posts\/519267\/revisions"}],"predecessor-version":[{"id":519276,"href":"http:\/\/desarrollo.grupomedios.com\/futbol\/wp-json\/wp\/v2\/posts\/519267\/revisions\/519276"}],"wp:featuredmedia":[{"embeddable":true,"href":"http:\/\/desarrollo.grupomedios.com\/futbol\/wp-json\/wp\/v2\/media\/519275"}],"wp:attachment":[{"href":"http:\/\/desarrollo.grupomedios.com\/futbol\/wp-json\/wp\/v2\/media?parent=519267"}],"wp:term":[{"taxonomy":"category","embeddable":true,"href":"http:\/\/desarrollo.grupomedios.com\/futbol\/wp-json\/wp\/v2\/categories?post=519267"},{"taxonomy":"post_tag","embeddable":true,"href":"http:\/\/desarrollo.grupomedios.com\/futbol\/wp-json\/wp\/v2\/tags?post=519267"}],"curies":[{"name":"wp","href":"https:\/\/api.w.org\/{rel}","templated":true}]}}