{"id":519290,"date":"2018-03-01T14:24:07","date_gmt":"2018-03-01T20:24:07","guid":{"rendered":"https:\/\/www.futboltotal.com.mx\/?p=519290"},"modified":"2018-03-01T14:24:07","modified_gmt":"2018-03-01T20:24:07","slug":"juan-carlos-osorio-revela-quiso-renovar-la-seleccion-mexicana","status":"publish","type":"post","link":"http:\/\/desarrollo.grupomedios.com\/futbol\/destacado-home\/juan-carlos-osorio-revela-quiso-renovar-la-seleccion-mexicana\/2018\/03","title":{"rendered":"Juan Carlos Osorio revela que no quiso renovar con la Selecci\u00f3n Mexicana"},"content":{"rendered":"<p>A pesar de que hace unos meses se dijo que <strong>Juan Carlos Osorio<\/strong> renovar\u00eda con la <strong>Selecci\u00f3n Mexicana<\/strong>, parece que el colombiano ha cambiado de opini\u00f3n y no ha renovado su contrato.<\/p>\n<p>En una entrevista con el diario brit\u00e1nico, <em>The Sun<\/em>, el colombiano asegur\u00f3 que su continuidad depender\u00e1 de su actuaci\u00f3n en el <strong>Mundial<\/strong>, pues confirm\u00f3 que tambi\u00e9n ha sido contactado por otros pa\u00edses.<\/p>\n<p>&#8220;<mark>He rechazado la posibilidad de extender mi contrato con la <strong>Federaci\u00f3n Mexicana de Futbol<\/strong>, la raz\u00f3n es porque quiero ser honesto con mis jefes. Si lo hacemos bien (en Rusia 2018) me gustar\u00eda continuar, pero he sido contactado por otras Federaciones y hay algunas por las que tengo sentimientos<\/mark>&#8220;, revel\u00f3.<\/p>\n<p style=\"text-align: center;\"><span style=\"color: #3366ff;\"><a href=\"https:\/\/www.futboltotal.com.mx\/futbol-mexicano\/liga-mx\/asi-era-la-liga-mx-20-equipos-lo-recuerdas\/2018\/03\">VER M\u00c1S:As\u00ed era la Liga MX con 20 equipos, \u00bfLo recuerdas?<\/a><\/span><\/p>\n<p>El actual entrenador del <strong>TRI<\/strong> tambi\u00e9n habl\u00f3 sobre los rumores que lo vinculan con <strong>Estados Unidos<\/strong> y no descart\u00f3 poder dirigirla debido al cari\u00f1o que le tiene.<\/p>\n<p>&#8220;Mis hijos nacieron en los <strong>Estados Unidos<\/strong>\u2026 Igualmente un pa\u00eds en el que me encantar\u00eda dirigir es <strong>Inglaterra<\/strong> porque lo que m\u00e1s extra\u00f1o es el d\u00eda a d\u00eda en un club&#8221;, coment\u00f3.<\/p>\n<p>Osorio est\u00e1 a unos meses de cumplir el ciclo completo como entrenador de <strong>M\u00e9xico<\/strong> para un Mundial, algo que no ocurr\u00eda desde <strong>Alemania 2006<\/strong> con <strong>Ricardo La Volpe<\/strong>. Pero el proceso no ha sido f\u00e1cil por muchos factores, uno de ellos es la <strong>Concacaf<\/strong>, una zona &#8220;insegura y peligrosa&#8221; para jugar futbol.<\/p>\n<p>&#8220;Concacaf es muy dif\u00edcil, el pasto en los campos es alto y seco, de pronto te lanzan pelotas al campo o la gente se mete para interrumpir los juegos, hay temperaturas encima de los 35 grados. Los estadios no son muy seguros, es una zona geogr\u00e1fica muy complicada, jugar al futbol puede ser inseguro y peligroso, si he de ser honesto&#8221;, dijo.<\/p>\n","protected":false},"excerpt":{"rendered":"<p>A pesar de que hace unos meses se dijo que Juan Carlos Osorio renovar\u00eda con la Selecci\u00f3n Mexicana, parece que el colombiano ha cambiado de opini\u00f3n y no ha renovado su contrato. En una entrevista con el diario brit\u00e1nico, The Sun, el colombiano asegur\u00f3 que su continuidad depender\u00e1 de su actuaci\u00f3n en el Mundial, pues [&hellip;]<\/p>\n","protected":false},"author":129,"featured_media":517060,"comment_status":"closed","ping_status":"closed","sticky":false,"template":"","format":"standard","meta":[],"categories":[5,2198,3847],"tags":[3883,6196],"_links":{"self":[{"href":"http:\/\/desarrollo.grupomedios.com\/futbol\/wp-json\/wp\/v2\/posts\/519290"}],"collection":[{"href":"http:\/\/desarrollo.grupomedios.com\/futbol\/wp-json\/wp\/v2\/posts"}],"about":[{"href":"http:\/\/desarrollo.grupomedios.com\/futbol\/wp-json\/wp\/v2\/types\/post"}],"author":[{"embeddable":true,"href":"http:\/\/desarrollo.grupomedios.com\/futbol\/wp-json\/wp\/v2\/users\/129"}],"replies":[{"embeddable":true,"href":"http:\/\/desarrollo.grupomedios.com\/futbol\/wp-json\/wp\/v2\/comments?post=519290"}],"version-history":[{"count":1,"href":"http:\/\/desarrollo.grupomedios.com\/futbol\/wp-json\/wp\/v2\/posts\/519290\/revisions"}],"predecessor-version":[{"id":519292,"href":"http:\/\/desarrollo.grupomedios.com\/futbol\/wp-json\/wp\/v2\/posts\/519290\/revisions\/519292"}],"wp:featuredmedia":[{"embeddable":true,"href":"http:\/\/desarrollo.grupomedios.com\/futbol\/wp-json\/wp\/v2\/media\/517060"}],"wp:attachment":[{"href":"http:\/\/desarrollo.grupomedios.com\/futbol\/wp-json\/wp\/v2\/media?parent=519290"}],"wp:term":[{"taxonomy":"category","embeddable":true,"href":"http:\/\/desarrollo.grupomedios.com\/futbol\/wp-json\/wp\/v2\/categories?post=519290"},{"taxonomy":"post_tag","embeddable":true,"href":"http:\/\/desarrollo.grupomedios.com\/futbol\/wp-json\/wp\/v2\/tags?post=519290"}],"curies":[{"name":"wp","href":"https:\/\/api.w.org\/{rel}","templated":true}]}}