{"id":519320,"date":"2018-03-01T18:12:13","date_gmt":"2018-03-02T00:12:13","guid":{"rendered":"https:\/\/www.futboltotal.com.mx\/?p=519320"},"modified":"2018-03-01T18:13:17","modified_gmt":"2018-03-02T00:13:17","slug":"cancun-sera-sede-del-clasico-nacional-en-marzo","status":"publish","type":"post","link":"http:\/\/desarrollo.grupomedios.com\/futbol\/futbol-mexicano\/cancun-sera-sede-del-clasico-nacional-en-marzo\/2018\/03","title":{"rendered":"Canc\u00fan ser\u00e1 sede del Cl\u00e1sico Nacional en marzo"},"content":{"rendered":"<p>Con el apoyo de la naviera <em><strong>Marinsa<\/strong><\/em> y de la agencia de viajes<strong><em> BestDay,<\/em> <\/strong><mark>se present\u00f3 el <strong>Tour de Leyendas BestDay 2018.<\/strong><\/mark> Este evento reunir\u00e1 a ex-futbolistas de distintas generaciones de los dos equipos m\u00e1s populares de M\u00e9xico: <mark><strong>Am\u00e9rica<\/strong> y <strong>Guadalajara.<\/strong><\/mark><\/p>\n<p><mark>Con <strong>Joel \u201cTibur\u00f3n\u201d S\u00e1nchez<\/strong> y<strong> Ra\u00fal \u201cPotro\u201d Guti\u00e9rrez<\/strong> como capitanes de <strong>Chivas<\/strong> y <strong>\u00c1guilas<\/strong> respectivamente,<\/mark> se revelaron los dos planteles que integrar\u00e1n este evento.<\/p>\n<p><img decoding=\"async\" loading=\"lazy\" class=\"wp-image-519322 aligncenter\" src=\"https:\/\/www.futboltotal.com.mx\/wp-content\/uploads\/2018\/03\/tour2-768x1024.jpg\" alt=\"Canc\u00fan ser\u00e1 sede del Cl\u00e1sico Nacional en marzo 0\" srcset=\"http:\/\/desarrollo.grupomedios.com\/futbol\/wp-content\/uploads\/2018\/03\/tour2.jpg 768w, http:\/\/desarrollo.grupomedios.com\/futbol\/wp-content\/uploads\/2018\/03\/tour2-225x300.jpg 225w\" sizes=\"(max-width: 434px) 100vw, 434px\" \/><\/p>\n<p>Por <strong>Guadalajara<\/strong> estar\u00e1n: <strong>Jorge Arreola, Francisco Mendoza, Isaac Romero, Ignacio V\u00e1zquez, Paulo C\u00e9sar \u201cTil\u00f3n\u201d Ch\u00e1vez, Gustavo \u201cGusano\u201d N\u00e1poles, H\u00e9ctor \u201cPirata\u201d Castro, Camilo Romero, Salvador Carmona, H\u00e9ctor Reynoso, Joel S\u00e1nchez<\/strong> y <strong>Roberto \u201cPulpo\u201d Z\u00fa\u00f1iga.<\/strong><\/p>\n<p>Mientras que por el <strong>Am\u00e9rica<\/strong> participar\u00e1n: <strong>Alberto Becerra, Marco Yacuta, Efr\u00e9n Hern\u00e1ndez, Ra\u00fal Guti\u00e9rrez, Jos\u00e9 \u201cGringo\u201d Castro, Jes\u00fas Mendoza, Jagger Mart\u00ednez, Kalusha Bualya, Oman Biyik, Cesilio de los Santos<\/strong> y <strong>Ariel Gonz\u00e1lez.<\/strong><\/p>\n<p style=\"text-align: center;\"><a href=\"https:\/\/www.futboltotal.com.mx\/futbol-mexicano\/liga-mx\/chivas-vs-america-clasico-goleadores-mexicanos\/2018\/03\">VER M\u00c1S: Chivas vs Am\u00e9rica, un Cl\u00e1sico para goleadores mexicanos<\/a><\/p>\n<p>Adem\u00e1s, se dio a conocer que el tour tendr\u00e1 una trascendencia internacional pues dos de los cuatro partidos se realizar\u00e1n en Estados Unidos.<\/p>\n<p><mark><strong>Calendario del\u00a0Tour de Leyendas\u00a0BestDay 2018:<\/strong><\/mark><\/p>\n<p>&#8211; 3 de marzo en San Antonio, Texas a las 14:30 hrs.<\/p>\n<p>&#8211; 4 de marzo en Dallas Texas en punto de las 16:00 hrs.<\/p>\n<p>&#8211; 10 de marzo en Poza Rica, Veracruz tambi\u00e9n a las 16:00 hrs.<\/p>\n<p>&#8211; 11 de marzo en Canc\u00fan, Quintana Roo a las 17:00 hrs.<\/p>\n<p><em>Para m\u00e1s informaci\u00f3n y compra de boletos visita <a href=\"http:\/\/www.tourleyendas.com\" target=\"_blank\" rel=\"noopener\">www.tourleyendas.com<\/a><\/em><\/p>\n<p><img decoding=\"async\" loading=\"lazy\" class=\"wp-image-519323 aligncenter\" src=\"https:\/\/www.futboltotal.com.mx\/wp-content\/uploads\/2018\/03\/tour3-1024x576.jpg\" alt=\"Canc\u00fan ser\u00e1 sede del Cl\u00e1sico Nacional en marzo 1\" srcset=\"http:\/\/desarrollo.grupomedios.com\/futbol\/wp-content\/uploads\/2018\/03\/tour3-1024x576.jpg 1024w, http:\/\/desarrollo.grupomedios.com\/futbol\/wp-content\/uploads\/2018\/03\/tour3-300x169.jpg 300w, http:\/\/desarrollo.grupomedios.com\/futbol\/wp-content\/uploads\/2018\/03\/tour3-768x432.jpg 768w, http:\/\/desarrollo.grupomedios.com\/futbol\/wp-content\/uploads\/2018\/03\/tour3-393x221.jpg 393w, http:\/\/desarrollo.grupomedios.com\/futbol\/wp-content\/uploads\/2018\/03\/tour3.jpg 1136w\" sizes=\"(max-width: 699px) 100vw, 699px\" \/><\/p>\n","protected":false},"excerpt":{"rendered":"<p>Se present\u00f3 el Tour de Leyendas BestDay 2018, donde volveremos a ver a hist\u00f3ricos de los clubes Am\u00e9rica y Guadalajara.<\/p>\n","protected":false},"author":165,"featured_media":519321,"comment_status":"closed","ping_status":"closed","sticky":false,"template":"","format":"standard","meta":[],"categories":[2198,3845],"tags":[1585,1600,5959,11954,70,1043,1158,4461,5963,11953],"_links":{"self":[{"href":"http:\/\/desarrollo.grupomedios.com\/futbol\/wp-json\/wp\/v2\/posts\/519320"}],"collection":[{"href":"http:\/\/desarrollo.grupomedios.com\/futbol\/wp-json\/wp\/v2\/posts"}],"about":[{"href":"http:\/\/desarrollo.grupomedios.com\/futbol\/wp-json\/wp\/v2\/types\/post"}],"author":[{"embeddable":true,"href":"http:\/\/desarrollo.grupomedios.com\/futbol\/wp-json\/wp\/v2\/users\/165"}],"replies":[{"embeddable":true,"href":"http:\/\/desarrollo.grupomedios.com\/futbol\/wp-json\/wp\/v2\/comments?post=519320"}],"version-history":[{"count":2,"href":"http:\/\/desarrollo.grupomedios.com\/futbol\/wp-json\/wp\/v2\/posts\/519320\/revisions"}],"predecessor-version":[{"id":519325,"href":"http:\/\/desarrollo.grupomedios.com\/futbol\/wp-json\/wp\/v2\/posts\/519320\/revisions\/519325"}],"wp:featuredmedia":[{"embeddable":true,"href":"http:\/\/desarrollo.grupomedios.com\/futbol\/wp-json\/wp\/v2\/media\/519321"}],"wp:attachment":[{"href":"http:\/\/desarrollo.grupomedios.com\/futbol\/wp-json\/wp\/v2\/media?parent=519320"}],"wp:term":[{"taxonomy":"category","embeddable":true,"href":"http:\/\/desarrollo.grupomedios.com\/futbol\/wp-json\/wp\/v2\/categories?post=519320"},{"taxonomy":"post_tag","embeddable":true,"href":"http:\/\/desarrollo.grupomedios.com\/futbol\/wp-json\/wp\/v2\/tags?post=519320"}],"curies":[{"name":"wp","href":"https:\/\/api.w.org\/{rel}","templated":true}]}}