{"id":519330,"date":"2018-03-01T19:43:01","date_gmt":"2018-03-02T01:43:01","guid":{"rendered":"https:\/\/www.futboltotal.com.mx\/?p=519330"},"modified":"2018-03-01T19:43:01","modified_gmt":"2018-03-02T01:43:01","slug":"detallazo-lionel-messi-a-gabriel-penalba","status":"publish","type":"post","link":"http:\/\/desarrollo.grupomedios.com\/futbol\/futbol-internacional\/detallazo-lionel-messi-a-gabriel-penalba\/2018\/03","title":{"rendered":"El detallazo de Lionel Messi a Gabriel Pe\u00f1alba"},"content":{"rendered":"<p>El delantero argentino <strong>Lionel Messi<\/strong> tuvo un gran detalle con su compatriota, el mediocampista <strong>Gabriel Pe\u00f1alba,<\/strong> posterior al juego de este jueves entre <strong>Las Palmas y Barcelona<\/strong>.<\/p>\n<p>Messi apareci\u00f3 en un <strong>par de fotos<\/strong> junto a Pe\u00f1alba, en una de ellas junto al delantero uruguayo <strong>Luis Su\u00e1rez<\/strong>, y en otra junto a la hija del ex jugador de <strong>Cruz Azul<\/strong>.<\/p>\n<p>Pe\u00f1alba no vio acci\u00f3n en el partido <strong>por una lesi\u00f3n<\/strong>, pero eso no afect\u00f3 para que se pudiera juntar con sus compa\u00f1eros sudamericanos.<\/p>\n<p style=\"text-align: center;\"><span style=\"color: #333399;\"><a href=\"https:\/\/www.futboltotal.com.mx\/destacado-home\/las-palmas-1-fc-barcelona-1-laliga-2018-resumen\/2018\/03\">VER M\u00c1S: <span class=\"item-title\">Las Palmas y J\u00e9mez frenan al FC Barcelona<\/span><\/a><\/span><\/p>\n<p>Aqu\u00ed la imagen del detallazo que tuvo Messi al regalarle <strong>un jersey firmado<\/strong> a los hijos de Gabriel Pe\u00f1alba.<\/p>\n<blockquote class=\"instagram-media\" style=\"background: #FFF; border: 0; border-radius: 3px; box-shadow: 0 0 1px 0 rgba(0,0,0,0.5),0 1px 10px 0 rgba(0,0,0,0.15); margin: 1px; max-width: 658px; padding: 0; width: calc(100% - 2px);\" data-instgrm-captioned=\"\" data-instgrm-permalink=\"https:\/\/www.instagram.com\/p\/BfzK04kgSxh\/\" data-instgrm-version=\"8\">\n<div style=\"padding: 8px;\">\n<div style=\"background: #F8F8F8; line-height: 0; margin-top: 40px; padding: 50% 0; text-align: center; width: 100%;\"><\/div>\n<p style=\"margin: 8px 0 0 0; padding: 0 4px;\"><a style=\"color: #000; font-family: Arial,sans-serif; font-size: 14px; font-style: normal; font-weight: normal; line-height: 17px; text-decoration: none; word-wrap: break-word;\" href=\"https:\/\/www.instagram.com\/p\/BfzK04kgSxh\/\" target=\"_blank\" rel=\"noopener\">Un dia especial , un partidazo del equipo , seguimos en busca del objetivo !!!!!!!! Vamos ud !!!!! GRACIAS @leomessi , @luissuarez9 por su humildad total !!!!! Lejosssss pero lejosssss unos cracks de personas !!!!!!!<\/a><\/p>\n<p style=\"color: #c9c8cd; font-family: Arial,sans-serif; font-size: 14px; line-height: 17px; margin-bottom: 0; margin-top: 8px; overflow: hidden; padding: 8px 0 7px; text-align: center; text-overflow: ellipsis; white-space: nowrap;\">Una publicaci\u00f3n compartida por <a style=\"color: #c9c8cd; font-family: Arial,sans-serif; font-size: 14px; font-style: normal; font-weight: normal; line-height: 17px;\" href=\"https:\/\/www.instagram.com\/gabypenalba8\/\" target=\"_blank\" rel=\"noopener\"> Gabype\u00f1alba8<\/a> (@gabypenalba8) el <time style=\"font-family: Arial,sans-serif; font-size: 14px; line-height: 17px;\" datetime=\"2018-03-01T23:45:20+00:00\">Mar 1, 2018 at 3:45 PST<\/time><\/p>\n<\/div>\n<\/blockquote>\n<p><script async defer src=\"\/\/www.instagram.com\/embed.js\"><\/script><\/p>\n<blockquote class=\"instagram-media\" style=\"background: #FFF; border: 0; border-radius: 3px; box-shadow: 0 0 1px 0 rgba(0,0,0,0.5),0 1px 10px 0 rgba(0,0,0,0.15); margin: 1px; max-width: 658px; padding: 0; width: calc(100% - 2px);\" data-instgrm-captioned=\"\" data-instgrm-permalink=\"https:\/\/www.instagram.com\/p\/BfzK04kgSxh\/\" data-instgrm-version=\"8\">\n<div style=\"padding: 8px;\">\n<div style=\"background: #F8F8F8; line-height: 0; margin-top: 40px; padding: 50% 0; text-align: center; width: 100%;\"><\/div>\n<p style=\"margin: 8px 0 0 0; padding: 0 4px;\"><a style=\"color: #000; font-family: Arial,sans-serif; font-size: 14px; font-style: normal; font-weight: normal; line-height: 17px; text-decoration: none; word-wrap: break-word;\" href=\"https:\/\/www.instagram.com\/p\/BfzK04kgSxh\/\" target=\"_blank\" rel=\"noopener\">Un dia especial , un partidazo del equipo , seguimos en busca del objetivo !!!!!!!! Vamos ud !!!!! GRACIAS @leomessi , @luissuarez9 por su humildad total !!!!! Lejosssss pero lejosssss unos cracks de personas !!!!!!!<\/a><\/p>\n<p style=\"color: #c9c8cd; font-family: Arial,sans-serif; font-size: 14px; line-height: 17px; margin-bottom: 0; margin-top: 8px; overflow: hidden; padding: 8px 0 7px; text-align: center; text-overflow: ellipsis; white-space: nowrap;\">Una publicaci\u00f3n compartida por <a style=\"color: #c9c8cd; font-family: Arial,sans-serif; font-size: 14px; font-style: normal; font-weight: normal; line-height: 17px;\" href=\"https:\/\/www.instagram.com\/gabypenalba8\/\" target=\"_blank\" rel=\"noopener\"> Gabype\u00f1alba8<\/a> (@gabypenalba8) el <time style=\"font-family: Arial,sans-serif; font-size: 14px; line-height: 17px;\" datetime=\"2018-03-01T23:45:20+00:00\">Mar 1, 2018 at 3:45 PST<\/time><\/p>\n<\/div>\n<\/blockquote>\n<p><script async defer src=\"\/\/www.instagram.com\/embed.js\"><\/script><\/p>\n","protected":false},"excerpt":{"rendered":"<p>Pe\u00f1alba no vio acci\u00f3n en el partido por una lesi\u00f3n<\/p>\n","protected":false},"author":160,"featured_media":519331,"comment_status":"closed","ping_status":"closed","sticky":false,"template":"","format":"standard","meta":[],"categories":[3839,3844],"tags":[5984,7809,6012],"_links":{"self":[{"href":"http:\/\/desarrollo.grupomedios.com\/futbol\/wp-json\/wp\/v2\/posts\/519330"}],"collection":[{"href":"http:\/\/desarrollo.grupomedios.com\/futbol\/wp-json\/wp\/v2\/posts"}],"about":[{"href":"http:\/\/desarrollo.grupomedios.com\/futbol\/wp-json\/wp\/v2\/types\/post"}],"author":[{"embeddable":true,"href":"http:\/\/desarrollo.grupomedios.com\/futbol\/wp-json\/wp\/v2\/users\/160"}],"replies":[{"embeddable":true,"href":"http:\/\/desarrollo.grupomedios.com\/futbol\/wp-json\/wp\/v2\/comments?post=519330"}],"version-history":[{"count":1,"href":"http:\/\/desarrollo.grupomedios.com\/futbol\/wp-json\/wp\/v2\/posts\/519330\/revisions"}],"predecessor-version":[{"id":519332,"href":"http:\/\/desarrollo.grupomedios.com\/futbol\/wp-json\/wp\/v2\/posts\/519330\/revisions\/519332"}],"wp:featuredmedia":[{"embeddable":true,"href":"http:\/\/desarrollo.grupomedios.com\/futbol\/wp-json\/wp\/v2\/media\/519331"}],"wp:attachment":[{"href":"http:\/\/desarrollo.grupomedios.com\/futbol\/wp-json\/wp\/v2\/media?parent=519330"}],"wp:term":[{"taxonomy":"category","embeddable":true,"href":"http:\/\/desarrollo.grupomedios.com\/futbol\/wp-json\/wp\/v2\/categories?post=519330"},{"taxonomy":"post_tag","embeddable":true,"href":"http:\/\/desarrollo.grupomedios.com\/futbol\/wp-json\/wp\/v2\/tags?post=519330"}],"curies":[{"name":"wp","href":"https:\/\/api.w.org\/{rel}","templated":true}]}}