{"id":519340,"date":"2018-03-02T09:18:56","date_gmt":"2018-03-02T15:18:56","guid":{"rendered":"https:\/\/www.futboltotal.com.mx\/?p=519340"},"modified":"2018-03-02T09:18:56","modified_gmt":"2018-03-02T15:18:56","slug":"los-4-objetivos-del-paris-saint-germain-este-verano","status":"publish","type":"post","link":"http:\/\/desarrollo.grupomedios.com\/futbol\/futbol-internacional\/los-4-objetivos-del-paris-saint-germain-este-verano\/2018\/03","title":{"rendered":"Los 4 objetivos del Paris Saint-Germain para este verano"},"content":{"rendered":"<p>El\u00a0<strong>Paris Saint-Germain<\/strong> se ha convertido en uno de los principales protagonistas en los mercados de fichajes y no se espera que este verano detengan su paso como millonarios de Europa, la directiva encabezada por\u00a0<strong>Nasser Al-Khela\u00effi<\/strong> ya mueve las piezas para tener un equipo de \u00e9lite posterior a la<strong> Copa del Mundo de Rusia 2018<\/strong>, entre sus objetivos estar\u00edan cuatro peces gordos que le dar\u00edan un estatus m\u00e1s elevado al equipo.<\/p>\n<h2>Empiezan por el banquillo<\/h2>\n<p>De acuerdo a\u00a0<i>Le10Sport\u00a0<\/i>y Mundo Deportivo de Francia y Espa\u00f1a, respectivamente el cuadro parisino ya se ha puesto en contacto con el estratega Zinedine Zidane, en busca de un recambio para Unai Emery, a quien consideran le ha faltado personalidad en momentos importantes. Un factor a tomar en cuenta sin duda ser\u00e1 el resultado de la eliminatoria en la UEFA Champions League, lo cierto es que se sabe dentro del entorno del PSG que desean un equipo con los mejores franceses.<\/p>\n<p style=\"text-align: center;\"><a href=\"https:\/\/www.futboltotal.com.mx\/futbol-internacional\/la-revista-forbes-da-a-conocer-la-lista-de-los-20-jugadores-mas-valiosos-rumbo-a-rusia-2018\/2018\/03\">VER M\u00c1S: La revista Forbes da a conocer la lista de los 20 jugadores m\u00e1s valiosos rumbo a Rusia 2018<\/a><\/p>\n<h2>Seguridad bajo los tres postes<\/h2>\n<p>De todos lados y en todos los medios de comunicaci\u00f3n, incluyendo la\u00a0televisi\u00f3n belga RTBF indican que\u00a0Thibaut Courtois es el gran\u00a0 objetivo de los parisinos para defender su arco, luego que Kevin Trapp y Alphonse Areola han sido severamente cuestionados, por lo que ya tienen la mira puesta en el jugador del Chelsea pero deber\u00e1n pelear con \u00e9l, pues el Real Madrid tambi\u00e9n desea al guardameta.<\/p>\n<h2>Un recambio den la punta<\/h2>\n<p>Un movimiento inesperado es el creciente inter\u00e9s que han expresado por el delantero polaco Robert Lewandowski, quien de acuerdo con Sky Sport se ha metido en la agenda del equipo franc\u00e9s, a pesar que sabe de la competencia de otros equipos como Real Madrid y Tottenham Hotspur, los parisinos saben que el dinero no es problema y adem\u00e1s est\u00e1n dispuestos a desprenderse de Edinson Cavani para tener al delantero del Bayern Munich en sus filas.<\/p>\n<h2>Cambio poco probable<\/h2>\n<p>Por \u00faltimo se ha hablado, de acuerdo con el diario El Pa\u00eds, que ante el creciente protagonismo que ha tomado Kylian Mbapp\u00e9, este podr\u00eda salir del equipo porque no le agrada a Neymar y por esta raz\u00f3n los parisinos buscar\u00edan un cambio con el FC Barcelona en el que estar\u00eda involucrado Philippe Coutinho, algo que no parece factible por el momento, pero en la actualidad se sabe que cualquier cosa es posible.<\/p>\n<p style=\"text-align: center;\"><a href=\"https:\/\/www.futboltotal.com.mx\/futbol-mexicano\/liga-mx\/chivas-vs-america-clasico-goleadores-mexicanos\/2018\/03\">VER M\u00c1S: Chivas vs Am\u00e9rica, un Cl\u00e1sico para goleadores mexicanos<\/a><\/p>\n<p>&nbsp;<\/p>\n","protected":false},"excerpt":{"rendered":"<p>El cuadro parisino ya se encuentra pensando en la siguiente temporada y las estrellas que desea <\/p>\n","protected":false},"author":159,"featured_media":519341,"comment_status":"closed","ping_status":"closed","sticky":false,"template":"","format":"standard","meta":[],"categories":[3839,9609],"tags":[413,408,1376,2669,6038,6069,2215],"_links":{"self":[{"href":"http:\/\/desarrollo.grupomedios.com\/futbol\/wp-json\/wp\/v2\/posts\/519340"}],"collection":[{"href":"http:\/\/desarrollo.grupomedios.com\/futbol\/wp-json\/wp\/v2\/posts"}],"about":[{"href":"http:\/\/desarrollo.grupomedios.com\/futbol\/wp-json\/wp\/v2\/types\/post"}],"author":[{"embeddable":true,"href":"http:\/\/desarrollo.grupomedios.com\/futbol\/wp-json\/wp\/v2\/users\/159"}],"replies":[{"embeddable":true,"href":"http:\/\/desarrollo.grupomedios.com\/futbol\/wp-json\/wp\/v2\/comments?post=519340"}],"version-history":[{"count":1,"href":"http:\/\/desarrollo.grupomedios.com\/futbol\/wp-json\/wp\/v2\/posts\/519340\/revisions"}],"predecessor-version":[{"id":519342,"href":"http:\/\/desarrollo.grupomedios.com\/futbol\/wp-json\/wp\/v2\/posts\/519340\/revisions\/519342"}],"wp:featuredmedia":[{"embeddable":true,"href":"http:\/\/desarrollo.grupomedios.com\/futbol\/wp-json\/wp\/v2\/media\/519341"}],"wp:attachment":[{"href":"http:\/\/desarrollo.grupomedios.com\/futbol\/wp-json\/wp\/v2\/media?parent=519340"}],"wp:term":[{"taxonomy":"category","embeddable":true,"href":"http:\/\/desarrollo.grupomedios.com\/futbol\/wp-json\/wp\/v2\/categories?post=519340"},{"taxonomy":"post_tag","embeddable":true,"href":"http:\/\/desarrollo.grupomedios.com\/futbol\/wp-json\/wp\/v2\/tags?post=519340"}],"curies":[{"name":"wp","href":"https:\/\/api.w.org\/{rel}","templated":true}]}}