{"id":519355,"date":"2018-03-02T11:09:00","date_gmt":"2018-03-02T17:09:00","guid":{"rendered":"https:\/\/www.futboltotal.com.mx\/?p=519355"},"modified":"2018-03-02T11:09:00","modified_gmt":"2018-03-02T17:09:00","slug":"zlatan-ibrahimovic-adios-una-era","status":"publish","type":"post","link":"http:\/\/desarrollo.grupomedios.com\/futbol\/futbol-internacional\/zlatan-ibrahimovic-adios-una-era\/2018\/03","title":{"rendered":"Zlatan Ibrahimovic, \u00bfel adi\u00f3s de una era?"},"content":{"rendered":"<p>De acuerdo con declaraciones realizadas por el estratega portugu\u00e9s, <strong>Jos\u00e9 Mourinho<\/strong> el delantero sueco <strong>Zlatan Ibrahimovic<\/strong> ya no estar\u00e1 m\u00e1s con el <strong>Manchester United,<\/strong> lo que significar\u00eda que el futuro del sueco apunta de forma importante a una liga como la<strong> MLS<\/strong> o la <strong>Super Liga China<\/strong>, esto se traduce en el fin de la era de uno de los delanteros m\u00e1s pol\u00e9micos y espectaculares que ha visto el futbol en su historia.<\/p>\n<p><mark>&#8220;Todos sabemos que esta ser\u00e1 su \u00faltima temporada en el Manchester United.<\/mark> La decisi\u00f3n de jugar o no (lo que queda de liga) es personal. Se ha ganado el derecho a elegir su futuro; es un grand\u00edsimo futbolista con una carrera envidiable&#8221;, expres\u00f3 Mourinho en conferencia de prensa.<\/p>\n<p>Esto significar\u00eda el adi\u00f3s del futbol de \u00e9lite de uno de los delanteros que m\u00e1s a inspirado a los j\u00f3venes, siendo su \u00eddolo<strong> Ronaldo<\/strong>, el atacante sueco logr\u00f3 crear su propia historia, pues ha ganado <strong>31 t\u00edtulos<\/strong> en toda su carrera desde que comenzara a dar sus primeros pasos en el modesto Malm\u00f6 de su pa\u00eds en 1999.<\/p>\n<p style=\"text-align: center;\"><a href=\"https:\/\/www.futboltotal.com.mx\/futbol-mexicano\/liga-mx\/asi-era-la-liga-mx-20-equipos-lo-recuerdas\/2018\/03\">VER M\u00c1S: As\u00ed era la Liga MX con 20 equipos, \u00bfLo recuerdas?<\/a><\/p>\n<p>Ha jugado con 8 equipos en su historia; el<strong> Malm\u00f6 de Suecia, Ajax de Holanda, Juventus, AC Milan e Inter de Milan de Italia, FC Barcelona de Espa\u00f1a, Paris Saint-Germain de Francia y Manchester United de Inglaterra<\/strong>, equipos con los que suma en su totalidad <strong>419 goles<\/strong> una cantidad que cualquier delantero envidiar\u00eda.<\/p>\n<p><img decoding=\"async\" loading=\"lazy\" class=\"aligncenter size-full wp-image-519357\" src=\"https:\/\/www.futboltotal.com.mx\/wp-content\/uploads\/2018\/03\/ZLATAN-PSG.jpg\" alt=\"Zlatan Ibrahimovic, \u00bfel adi\u00f3s de una era? 0\" srcset=\"http:\/\/desarrollo.grupomedios.com\/futbol\/wp-content\/uploads\/2018\/03\/ZLATAN-PSG.jpg 1024w, http:\/\/desarrollo.grupomedios.com\/futbol\/wp-content\/uploads\/2018\/03\/ZLATAN-PSG-300x184.jpg 300w, http:\/\/desarrollo.grupomedios.com\/futbol\/wp-content\/uploads\/2018\/03\/ZLATAN-PSG-768x472.jpg 768w\" sizes=\"(max-width: 1024px) 100vw, 1024px\" \/><\/p>\n<h2>Una esperanza llamada Rusia 2018<\/h2>\n<p>Desde que Suecia dej\u00f3 fuera a Italia de la <strong>Copa del Mundo de Rusia 2018<\/strong>, no se ha parado de hablar sobre una posible vuelta de &#8216;Ibracadabra&#8217; al combinado sueco luego que se retirara despu\u00e9s de disputar la pasada Eurocopa del 2016. En la actualidad esta posibilidad parece lejana, el delantero no juega con los <strong>Red Devils<\/strong> y parece en el peor momento de su exitosa carrera, sin embargo unas declaraciones han vuelto a avivar el fuego.<\/p>\n<p><mark>&#8220;Extra\u00f1o a la selecci\u00f3n nacional. Cuando has jugado durante 20 a\u00f1os y ves a los dem\u00e1s jugando en\u00a0<strong>Suecia<\/strong>, es dif\u00edcil.<\/mark> Pero en general es dif\u00edcil cuando est\u00e1s lesionado porque quieres jugar, tanto para tu club y tu selecci\u00f3n&#8221; expres\u00f3 el delantero de 36 a\u00f1os, quien adem\u00e1s al ser cuestionado sobre la Copa del Mundo indic\u00f3, &#8220;ya veremos, es una pregunta dif\u00edcil. Quiero sentir que puedo actuar y dar algo a cambio. No quiero ir (a Rusia) solo por ser quien soy&#8221;<\/p>\n<p><mark>&#8220;La puerta no est\u00e1 cerrada por nada. Pero primero tengo que jugar, no podemos comenzar a enfocarnos en el equipo nacional cuando no estoy jugando.<\/mark> Pero me siento vivo cuando toda esta pl\u00e1tica ya suena, as\u00ed que est\u00e1 bien&#8221;, agreg\u00f3 el sueco, quien tendr\u00eda un cierre en su carrera del futbol de \u00e9lite si se cumple la oportunidad de disputar la <strong>Copa del Mundo de Rusia 2018.<\/strong><\/p>\n<p><img decoding=\"async\" loading=\"lazy\" class=\"aligncenter size-full wp-image-519356\" src=\"https:\/\/www.futboltotal.com.mx\/wp-content\/uploads\/2018\/03\/zlatan-euro-2016.jpg\" alt=\"Zlatan Ibrahimovic, \u00bfel adi\u00f3s de una era? 1\" srcset=\"http:\/\/desarrollo.grupomedios.com\/futbol\/wp-content\/uploads\/2018\/03\/zlatan-euro-2016.jpg 912w, http:\/\/desarrollo.grupomedios.com\/futbol\/wp-content\/uploads\/2018\/03\/zlatan-euro-2016-300x170.jpg 300w, http:\/\/desarrollo.grupomedios.com\/futbol\/wp-content\/uploads\/2018\/03\/zlatan-euro-2016-768x435.jpg 768w, http:\/\/desarrollo.grupomedios.com\/futbol\/wp-content\/uploads\/2018\/03\/zlatan-euro-2016-393x221.jpg 393w\" sizes=\"(max-width: 912px) 100vw, 912px\" \/><\/p>\n<p style=\"text-align: center;\"><a href=\"https:\/\/www.futboltotal.com.mx\/futbol-mexicano\/liga-mx\/5-razones-las-chivas-humilla-al-america\/2018\/03\">VER M\u00c1S: 5 razones por las que Chivas humilla al Am\u00e9rica<\/a><\/p>\n","protected":false},"excerpt":{"rendered":"<p>El delantero sueco todav\u00eda podr\u00eda tener una despedida en el futbol de m\u00e1ximo nivel en Rusia 2018<\/p>\n","protected":false},"author":159,"featured_media":519358,"comment_status":"closed","ping_status":"closed","sticky":false,"template":"","format":"standard","meta":[],"categories":[3839,3846],"tags":[125,11959,2232,849,6059],"_links":{"self":[{"href":"http:\/\/desarrollo.grupomedios.com\/futbol\/wp-json\/wp\/v2\/posts\/519355"}],"collection":[{"href":"http:\/\/desarrollo.grupomedios.com\/futbol\/wp-json\/wp\/v2\/posts"}],"about":[{"href":"http:\/\/desarrollo.grupomedios.com\/futbol\/wp-json\/wp\/v2\/types\/post"}],"author":[{"embeddable":true,"href":"http:\/\/desarrollo.grupomedios.com\/futbol\/wp-json\/wp\/v2\/users\/159"}],"replies":[{"embeddable":true,"href":"http:\/\/desarrollo.grupomedios.com\/futbol\/wp-json\/wp\/v2\/comments?post=519355"}],"version-history":[{"count":1,"href":"http:\/\/desarrollo.grupomedios.com\/futbol\/wp-json\/wp\/v2\/posts\/519355\/revisions"}],"predecessor-version":[{"id":519359,"href":"http:\/\/desarrollo.grupomedios.com\/futbol\/wp-json\/wp\/v2\/posts\/519355\/revisions\/519359"}],"wp:featuredmedia":[{"embeddable":true,"href":"http:\/\/desarrollo.grupomedios.com\/futbol\/wp-json\/wp\/v2\/media\/519358"}],"wp:attachment":[{"href":"http:\/\/desarrollo.grupomedios.com\/futbol\/wp-json\/wp\/v2\/media?parent=519355"}],"wp:term":[{"taxonomy":"category","embeddable":true,"href":"http:\/\/desarrollo.grupomedios.com\/futbol\/wp-json\/wp\/v2\/categories?post=519355"},{"taxonomy":"post_tag","embeddable":true,"href":"http:\/\/desarrollo.grupomedios.com\/futbol\/wp-json\/wp\/v2\/tags?post=519355"}],"curies":[{"name":"wp","href":"https:\/\/api.w.org\/{rel}","templated":true}]}}