{"id":519384,"date":"2018-03-02T13:46:43","date_gmt":"2018-03-02T19:46:43","guid":{"rendered":"https:\/\/www.futboltotal.com.mx\/?p=519384"},"modified":"2018-03-02T13:48:01","modified_gmt":"2018-03-02T19:48:01","slug":"dos-grandes-la-serie-a-en-disputa-arturo-vidal","status":"publish","type":"post","link":"http:\/\/desarrollo.grupomedios.com\/futbol\/futbol-internacional\/dos-grandes-la-serie-a-en-disputa-arturo-vidal\/2018\/03","title":{"rendered":"Dos grandes de la Serie A, en disputa por Arturo Vidal"},"content":{"rendered":"<p>La continuidad del mediocampista chileno <strong>Arturo Vidal<\/strong> en el <strong>Bayern Munich<\/strong> parece estar cada vez m\u00e1s en duda, pues el cuadro b\u00e1varo est\u00e1 siendo tentado para dejarle marchar, a pesar que el ex Juventus ha manifestado que no desea irse pero la llegada del medio centro<strong>\u00a0Leon Goretzka<\/strong> obligar\u00eda a una salida y esta ser\u00eda la del &#8216;Rey Arturo&#8217;.<\/p>\n<p>De acuerdo con el diario\u00a0Tuttosport, dos equipos de la <strong>Serie A<\/strong> est\u00e1n interesados en regresar al andino al futbol de Italia y no son sino dos de los pesos pesados del campeonato;<strong>\u00a0Inter de Mil\u00e1n y AC Milan<\/strong> est\u00e1n pretendiendo al jugador de forma importante, pues saben que su futuro en Alemania est\u00e1 tambaleante.<\/p>\n<p style=\"text-align: center;\"><a href=\"https:\/\/www.futboltotal.com.mx\/futbol-mexicano\/liga-mx\/5-razones-las-chivas-humilla-al-america\/2018\/03\">VER M\u00c1S: 5 razones por las que Chivas humilla al Am\u00e9rica<\/a><\/p>\n<p>El medio indica que ambas escuadras ya hicieron contacto con el entorno del futbolistas y desean que est\u00e9 en la pr\u00f3xima temporada, es decir que lo contratar\u00edan en verano, sobre todo si los equipo logran meterse en <strong>Champions League<\/strong>; el Inter lo buscar\u00e1 por medio de la tabla y el Milan ganando la Europa League.<\/p>\n<p>El cuadro del Inter de Milan ya tuvo en la mira al futbolista chileno y el equipo b\u00e1varo se neg\u00f3 a traspasarlo, luego que el director deportivo general,<strong>\u00a0Karl-Heinz Rummenigge<\/strong> estableci\u00f3 que; &#8220;puedo descartar al 100 por ciento una salida para Arturo. Para nosotros es un jugador fundamental&#8221;.&#8221;Nos dimos cuenta de inmediato que ser\u00eda casi imposible. Cuando el Bayern no abre la puerta, no tienes ninguna posibilidad&#8221;, declararon poco despu\u00e9s en el seno del Inter.<\/p>\n<p>Lo cierto es que la historia que parece escribirse en la actualidad es muy distinta, luego que la Selecci\u00f3n de Chile no consiguiera el boleto para la <strong>Copa del Mundo de Rusia 2018<\/strong>, saben que el futbolista se ha perdido de una vitrina importante y por tanto su valor no tendr\u00e1 la oportunidad de incrementarse.<\/p>\n<blockquote class=\"twitter-tweet\" data-width=\"500\">\n<p lang=\"it\" dir=\"ltr\"><a href=\"https:\/\/twitter.com\/hashtag\/Vidal?src=hash&amp;ref_src=twsrc%5Etfw\">#Vidal<\/a> spacca <a href=\"https:\/\/twitter.com\/hashtag\/Milano?src=hash&amp;ref_src=twsrc%5Etfw\">#Milano<\/a>: <a href=\"https:\/\/twitter.com\/hashtag\/Inter?src=hash&amp;ref_src=twsrc%5Etfw\">#Inter<\/a> e <a href=\"https:\/\/twitter.com\/hashtag\/Milan?src=hash&amp;ref_src=twsrc%5Etfw\">#Milan<\/a>, che duello! <br \/> <a href=\"https:\/\/t.co\/bJnLcarAgF\">https:\/\/t.co\/bJnLcarAgF<\/a><\/p>\n<p>&mdash; Tuttosport (@tuttosport) <a href=\"https:\/\/twitter.com\/tuttosport\/status\/969629661889261569?ref_src=twsrc%5Etfw\">March 2, 2018<\/a><\/p><\/blockquote>\n<p><script async src=\"https:\/\/platform.twitter.com\/widgets.js\" charset=\"utf-8\"><\/script><\/p>\n<p style=\"text-align: center;\"><a href=\"https:\/\/www.futboltotal.com.mx\/futbol-mexicano\/liga-mx\/la-mls-comienza-con-13-viejos-conocidos-de-liga-mx\/2018\/03\">VER M\u00c1S: La MLS comienza con 13 viejos conocidos de Liga MX<\/a><\/p>\n","protected":false},"excerpt":{"rendered":"<p>El chileno sabe que no podr\u00e1 jugar la Copa del Mundo de Rusia 2018 y esta ser\u00eda su \u00faltima oportunidad de un gran contrato<\/p>\n","protected":false},"author":159,"featured_media":506829,"comment_status":"closed","ping_status":"closed","sticky":false,"template":"","format":"standard","meta":[],"categories":[3839,3848],"tags":[1630,2962,2056,119,227,5958],"_links":{"self":[{"href":"http:\/\/desarrollo.grupomedios.com\/futbol\/wp-json\/wp\/v2\/posts\/519384"}],"collection":[{"href":"http:\/\/desarrollo.grupomedios.com\/futbol\/wp-json\/wp\/v2\/posts"}],"about":[{"href":"http:\/\/desarrollo.grupomedios.com\/futbol\/wp-json\/wp\/v2\/types\/post"}],"author":[{"embeddable":true,"href":"http:\/\/desarrollo.grupomedios.com\/futbol\/wp-json\/wp\/v2\/users\/159"}],"replies":[{"embeddable":true,"href":"http:\/\/desarrollo.grupomedios.com\/futbol\/wp-json\/wp\/v2\/comments?post=519384"}],"version-history":[{"count":4,"href":"http:\/\/desarrollo.grupomedios.com\/futbol\/wp-json\/wp\/v2\/posts\/519384\/revisions"}],"predecessor-version":[{"id":519398,"href":"http:\/\/desarrollo.grupomedios.com\/futbol\/wp-json\/wp\/v2\/posts\/519384\/revisions\/519398"}],"wp:featuredmedia":[{"embeddable":true,"href":"http:\/\/desarrollo.grupomedios.com\/futbol\/wp-json\/wp\/v2\/media\/506829"}],"wp:attachment":[{"href":"http:\/\/desarrollo.grupomedios.com\/futbol\/wp-json\/wp\/v2\/media?parent=519384"}],"wp:term":[{"taxonomy":"category","embeddable":true,"href":"http:\/\/desarrollo.grupomedios.com\/futbol\/wp-json\/wp\/v2\/categories?post=519384"},{"taxonomy":"post_tag","embeddable":true,"href":"http:\/\/desarrollo.grupomedios.com\/futbol\/wp-json\/wp\/v2\/tags?post=519384"}],"curies":[{"name":"wp","href":"https:\/\/api.w.org\/{rel}","templated":true}]}}