{"id":519422,"date":"2018-03-02T16:38:08","date_gmt":"2018-03-02T22:38:08","guid":{"rendered":"https:\/\/www.futboltotal.com.mx\/?p=519422"},"modified":"2018-03-02T16:38:08","modified_gmt":"2018-03-02T22:38:08","slug":"7-momentos-marcaron-a-decio-maria-en-la-fmf","status":"publish","type":"post","link":"http:\/\/desarrollo.grupomedios.com\/futbol\/futbol-mexicano\/7-momentos-marcaron-a-decio-maria-en-la-fmf\/2018\/03","title":{"rendered":"7 momentos que marcaron a Decio de Mar\u00eda en la FMF"},"content":{"rendered":"<p><strong>Decio de Mar\u00eda<\/strong> decidi\u00f3 dejar su cargo como presidente de la <strong>Federaci\u00f3n Mexicana de Futbol<\/strong> (FMF) y tuvo dos a\u00f1os al frente como sucesor de <strong>Justino Compean<\/strong> en los que el balance fu un balance entre lo positivo y negativo, a pesar que no tuvo tiempo de desarrollar un trabajo amplio, estuvo en momentos importantes para los procesos de<strong> Selecci\u00f3n Mexicana.<\/strong><\/p>\n<p>Ahora el cargo ser\u00e1 tomado por <strong>Yon de Luisa<\/strong>, pero los momentos que ha pasado Decio de Mar\u00eda en estos dos a\u00f1os quedar\u00e1n marcados dentro del balompi\u00e9 mexicano por estos 7 momentos:<\/p>\n<p style=\"text-align: center;\"><a href=\"https:\/\/www.futboltotal.com.mx\/futbol-mexicano\/liga-mx\/la-mls-comienza-con-13-viejos-conocidos-de-liga-mx\/2018\/03\">VER M\u00c1S: La MLS comienza con 13 viejos conocidos de Liga MX<\/a><\/p>\n<h2 class=\"entry-title\">La regla 10\/8 en la Liga MX<\/h2>\n<p>Para el torneo Apertura 2016 se determin\u00f3 que los equipos pod\u00edan tener el n\u00famero que desearan de extranjeros y naturalizados siempre que en su lista de 18 elementos para cada partido estuvieran inscritos al menos 8 jugadores de nacionalidad mexicana antes de los 18 a\u00f1os. Esta norma llen\u00f3 de extranjeros el balompi\u00e9 azteca.<\/p>\n<p><img decoding=\"async\" loading=\"lazy\" class=\"aligncenter size-full wp-image-515626\" src=\"https:\/\/www.futboltotal.com.mx\/wp-content\/uploads\/2018\/01\/laliga-mx-2018.jpg\" alt=\"7 momentos que marcaron a Decio de Mar\u00eda en la FMF 0\" srcset=\"http:\/\/desarrollo.grupomedios.com\/futbol\/wp-content\/uploads\/2018\/01\/laliga-mx-2018.jpg 1136w, http:\/\/desarrollo.grupomedios.com\/futbol\/wp-content\/uploads\/2018\/01\/laliga-mx-2018-300x169.jpg 300w, http:\/\/desarrollo.grupomedios.com\/futbol\/wp-content\/uploads\/2018\/01\/laliga-mx-2018-768x432.jpg 768w, http:\/\/desarrollo.grupomedios.com\/futbol\/wp-content\/uploads\/2018\/01\/laliga-mx-2018-1024x576.jpg 1024w, http:\/\/desarrollo.grupomedios.com\/futbol\/wp-content\/uploads\/2018\/01\/laliga-mx-2018-393x221.jpg 393w\" sizes=\"(max-width: 1136px) 100vw, 1136px\" \/><\/p>\n<h2 class=\"s2nFriendlyFrame k-4Oi5fKY7\" data-type=\"full\">\u00a0Goleada Copa Am\u00e9rica Centenario 2016<\/h2>\n<p>Un momento que sin duda marcar\u00eda la gesti\u00f3n de Decio de Mar\u00eda en conjunto con la de Juan Carlos Osorio fue la goleada que recibi\u00f3 el combinado Tricolor en la Copa Am\u00e9rica de 2016 ante la Selecci\u00f3n de Chile, la cual fue muy cuestionada, adem\u00e1s que ped\u00edan la cabeza del colombiano, algo que decidi\u00f3 no determinarse.<\/p>\n<p><img decoding=\"async\" loading=\"lazy\" class=\"aligncenter size-full wp-image-504049\" src=\"https:\/\/www.futboltotal.com.mx\/wp-content\/uploads\/2017\/10\/mexico-vs-chile.jpg\" alt=\"7 momentos que marcaron a Decio de Mar\u00eda en la FMF 1\" srcset=\"http:\/\/desarrollo.grupomedios.com\/futbol\/wp-content\/uploads\/2017\/10\/mexico-vs-chile.jpg 1136w, http:\/\/desarrollo.grupomedios.com\/futbol\/wp-content\/uploads\/2017\/10\/mexico-vs-chile-300x169.jpg 300w, http:\/\/desarrollo.grupomedios.com\/futbol\/wp-content\/uploads\/2017\/10\/mexico-vs-chile-768x432.jpg 768w, http:\/\/desarrollo.grupomedios.com\/futbol\/wp-content\/uploads\/2017\/10\/mexico-vs-chile-1024x576.jpg 1024w, http:\/\/desarrollo.grupomedios.com\/futbol\/wp-content\/uploads\/2017\/10\/mexico-vs-chile-393x221.jpg 393w\" sizes=\"(max-width: 1136px) 100vw, 1136px\" \/><\/p>\n<h2>Fracaso en Copa Oro<\/h2>\n<p>En la pasada Copa Oro de 2017 fue otro de los fracasos del Tricolor, pues fueron eliminados en la semifinal ante Jamaica, algo que no estaba presupuestado, otro golpe duro para Juan Carlos Osorio y el proceso de Decio de Mar\u00eda quien estableci\u00f3 continuar hacia adelante hasta Rusia 2018.<\/p>\n<p><img decoding=\"async\" loading=\"lazy\" class=\"aligncenter size-full wp-image-489949\" src=\"https:\/\/www.futboltotal.com.mx\/wp-content\/uploads\/2017\/07\/Jamaica-Copa-Oro.jpg\" alt=\"7 momentos que marcaron a Decio de Mar\u00eda en la FMF 2\" srcset=\"http:\/\/desarrollo.grupomedios.com\/futbol\/wp-content\/uploads\/2017\/07\/Jamaica-Copa-Oro.jpg 1136w, http:\/\/desarrollo.grupomedios.com\/futbol\/wp-content\/uploads\/2017\/07\/Jamaica-Copa-Oro-300x169.jpg 300w, http:\/\/desarrollo.grupomedios.com\/futbol\/wp-content\/uploads\/2017\/07\/Jamaica-Copa-Oro-768x432.jpg 768w, http:\/\/desarrollo.grupomedios.com\/futbol\/wp-content\/uploads\/2017\/07\/Jamaica-Copa-Oro-1024x576.jpg 1024w, http:\/\/desarrollo.grupomedios.com\/futbol\/wp-content\/uploads\/2017\/07\/Jamaica-Copa-Oro-317x178.jpg 317w, http:\/\/desarrollo.grupomedios.com\/futbol\/wp-content\/uploads\/2017\/07\/Jamaica-Copa-Oro-535x301.jpg 535w, http:\/\/desarrollo.grupomedios.com\/futbol\/wp-content\/uploads\/2017\/07\/Jamaica-Copa-Oro-374x210.jpg 374w\" sizes=\"(max-width: 1136px) 100vw, 1136px\" \/><\/p>\n<h2>Copa Confederaciones<\/h2>\n<p>En este caso se esperaba un poco m\u00e1s de la Selecci\u00f3n Mexicana, pero en t\u00e9rminos generales la gesti\u00f3n alrededor del torneo fue bien manejada y llevada por lo que a pesar que el \u00faltimo duelo fue una estrepitosa ca\u00edda ante Alemania, se sacaron buenas conclusiones del campeonato.<\/p>\n<p><img decoding=\"async\" loading=\"lazy\" class=\"aligncenter size-full wp-image-486648\" src=\"https:\/\/www.futboltotal.com.mx\/wp-content\/uploads\/2017\/07\/jimenez-y-fabian-goles-confederaciones.jpg\" alt=\"7 momentos que marcaron a Decio de Mar\u00eda en la FMF 3\" srcset=\"http:\/\/desarrollo.grupomedios.com\/futbol\/wp-content\/uploads\/2017\/07\/jimenez-y-fabian-goles-confederaciones.jpg 1136w, http:\/\/desarrollo.grupomedios.com\/futbol\/wp-content\/uploads\/2017\/07\/jimenez-y-fabian-goles-confederaciones-300x169.jpg 300w, http:\/\/desarrollo.grupomedios.com\/futbol\/wp-content\/uploads\/2017\/07\/jimenez-y-fabian-goles-confederaciones-768x432.jpg 768w, http:\/\/desarrollo.grupomedios.com\/futbol\/wp-content\/uploads\/2017\/07\/jimenez-y-fabian-goles-confederaciones-1024x576.jpg 1024w, http:\/\/desarrollo.grupomedios.com\/futbol\/wp-content\/uploads\/2017\/07\/jimenez-y-fabian-goles-confederaciones-317x178.jpg 317w, http:\/\/desarrollo.grupomedios.com\/futbol\/wp-content\/uploads\/2017\/07\/jimenez-y-fabian-goles-confederaciones-535x301.jpg 535w, http:\/\/desarrollo.grupomedios.com\/futbol\/wp-content\/uploads\/2017\/07\/jimenez-y-fabian-goles-confederaciones-374x210.jpg 374w\" sizes=\"(max-width: 1136px) 100vw, 1136px\" \/><\/p>\n<h2>La Liga MX Femenil<\/h2>\n<p>Podr\u00eda ser uno de los aciertos m\u00e1s importantes en la gesti\u00f3n de Decio de Mar\u00eda pues le dio identidad al futbol femenil con la creaci\u00f3n del campeonato, el cual empez\u00f3 con ciertas deficiencias, pero sobre todo la liguilla del mismo termin\u00f3 siendo un rotundo \u00e9xito; no fue un torneo perfecto pero si un gran paso para darle poder a la Liga MX Femenil que hacia falta en nuestro balompi\u00e9.<\/p>\n<p><img decoding=\"async\" loading=\"lazy\" class=\"size-full wp-image-513702\" src=\"https:\/\/www.futboltotal.com.mx\/wp-content\/uploads\/2018\/01\/liga-fem-2018.jpg\" alt=\"La expectativas del torneo han quedado en lo m\u00e1s alto\" srcset=\"http:\/\/desarrollo.grupomedios.com\/futbol\/wp-content\/uploads\/2018\/01\/liga-fem-2018.jpg 1136w, http:\/\/desarrollo.grupomedios.com\/futbol\/wp-content\/uploads\/2018\/01\/liga-fem-2018-300x169.jpg 300w, http:\/\/desarrollo.grupomedios.com\/futbol\/wp-content\/uploads\/2018\/01\/liga-fem-2018-768x432.jpg 768w, http:\/\/desarrollo.grupomedios.com\/futbol\/wp-content\/uploads\/2018\/01\/liga-fem-2018-1024x576.jpg 1024w, http:\/\/desarrollo.grupomedios.com\/futbol\/wp-content\/uploads\/2018\/01\/liga-fem-2018-393x221.jpg 393w\" sizes=\"(max-width: 1136px) 100vw, 1136px\" \/><\/p>\n<h2>Copa del Mundo Rusia 2018<\/h2>\n<p>Como hace un tiempo no suced\u00eda, M\u00e9xico logr\u00f3 acceder a la Copa del Mundo sin sobresaltos y como primeros de grupo, sin duda las derrotas dolorosas en torneos importantes hac\u00edan tambalear el proceso pero el boleto en mano para Rusia acab\u00f3 por justificar esos sufrimientos.<\/p>\n<p><img decoding=\"async\" loading=\"lazy\" class=\"size-full wp-image-509604\" src=\"https:\/\/www.futboltotal.com.mx\/wp-content\/uploads\/2017\/11\/rusia-2018.jpg\" alt=\"El sorteo se llevar\u00e1 a cabo el 1 de diciembre\" srcset=\"http:\/\/desarrollo.grupomedios.com\/futbol\/wp-content\/uploads\/2017\/11\/rusia-2018.jpg 1136w, http:\/\/desarrollo.grupomedios.com\/futbol\/wp-content\/uploads\/2017\/11\/rusia-2018-300x169.jpg 300w, http:\/\/desarrollo.grupomedios.com\/futbol\/wp-content\/uploads\/2017\/11\/rusia-2018-768x432.jpg 768w, http:\/\/desarrollo.grupomedios.com\/futbol\/wp-content\/uploads\/2017\/11\/rusia-2018-1024x576.jpg 1024w, http:\/\/desarrollo.grupomedios.com\/futbol\/wp-content\/uploads\/2017\/11\/rusia-2018-393x221.jpg 393w\" sizes=\"(max-width: 1136px) 100vw, 1136px\" \/><\/p>\n<p style=\"text-align: center;\"><a href=\"https:\/\/www.futboltotal.com.mx\/futbol-internacional\/liga-de-inglaterra\/zlatan-ibrahimovic-adios-una-era\/2018\/03\">VER M\u00c1S: Zlatan Ibrahimovic, \u00bfel adi\u00f3s de una era?<\/a><\/p>\n<h2>Copa del Mundo 2026<\/h2>\n<p>Decio de Mar\u00eda se encarg\u00f3 de dar un paso importante en busca por la candidatura de la Copa del Mundo de 2026 en conjunto con Estados Unidos y Canad\u00e1, un proceso que todav\u00eda est\u00e1 en juego y el propio directivo ya no podr\u00e1 continuar en proceso, pero sin duda la semilla la dej\u00f3 puesta.<\/p>\n<p><img decoding=\"async\" loading=\"lazy\" class=\" wp-image-508938\" src=\"https:\/\/www.futboltotal.com.mx\/wp-content\/uploads\/2017\/11\/tri-vs-belgica.jpg\" alt=\"Hirving Lozano fue la figura del Tri al anotar en dos ocasiones\" srcset=\"http:\/\/desarrollo.grupomedios.com\/futbol\/wp-content\/uploads\/2017\/11\/tri-vs-belgica.jpg 1136w, http:\/\/desarrollo.grupomedios.com\/futbol\/wp-content\/uploads\/2017\/11\/tri-vs-belgica-300x169.jpg 300w, http:\/\/desarrollo.grupomedios.com\/futbol\/wp-content\/uploads\/2017\/11\/tri-vs-belgica-768x432.jpg 768w, http:\/\/desarrollo.grupomedios.com\/futbol\/wp-content\/uploads\/2017\/11\/tri-vs-belgica-1024x576.jpg 1024w, http:\/\/desarrollo.grupomedios.com\/futbol\/wp-content\/uploads\/2017\/11\/tri-vs-belgica-393x221.jpg 393w\" sizes=\"(max-width: 906px) 100vw, 906px\" \/><\/p>\n","protected":false},"excerpt":{"rendered":"<p>El directivo deja tras su cargo la clasificaci\u00f3n a la Copa del Mundo de Rusia 2018<\/p>\n","protected":false},"author":159,"featured_media":510783,"comment_status":"closed","ping_status":"closed","sticky":false,"template":"","format":"standard","meta":[],"categories":[7570,2198,3845,3847],"tags":[1580,125,1934,956,64,7754,2232],"_links":{"self":[{"href":"http:\/\/desarrollo.grupomedios.com\/futbol\/wp-json\/wp\/v2\/posts\/519422"}],"collection":[{"href":"http:\/\/desarrollo.grupomedios.com\/futbol\/wp-json\/wp\/v2\/posts"}],"about":[{"href":"http:\/\/desarrollo.grupomedios.com\/futbol\/wp-json\/wp\/v2\/types\/post"}],"author":[{"embeddable":true,"href":"http:\/\/desarrollo.grupomedios.com\/futbol\/wp-json\/wp\/v2\/users\/159"}],"replies":[{"embeddable":true,"href":"http:\/\/desarrollo.grupomedios.com\/futbol\/wp-json\/wp\/v2\/comments?post=519422"}],"version-history":[{"count":1,"href":"http:\/\/desarrollo.grupomedios.com\/futbol\/wp-json\/wp\/v2\/posts\/519422\/revisions"}],"predecessor-version":[{"id":519427,"href":"http:\/\/desarrollo.grupomedios.com\/futbol\/wp-json\/wp\/v2\/posts\/519422\/revisions\/519427"}],"wp:featuredmedia":[{"embeddable":true,"href":"http:\/\/desarrollo.grupomedios.com\/futbol\/wp-json\/wp\/v2\/media\/510783"}],"wp:attachment":[{"href":"http:\/\/desarrollo.grupomedios.com\/futbol\/wp-json\/wp\/v2\/media?parent=519422"}],"wp:term":[{"taxonomy":"category","embeddable":true,"href":"http:\/\/desarrollo.grupomedios.com\/futbol\/wp-json\/wp\/v2\/categories?post=519422"},{"taxonomy":"post_tag","embeddable":true,"href":"http:\/\/desarrollo.grupomedios.com\/futbol\/wp-json\/wp\/v2\/tags?post=519422"}],"curies":[{"name":"wp","href":"https:\/\/api.w.org\/{rel}","templated":true}]}}