{"id":519424,"date":"2018-03-02T16:26:42","date_gmt":"2018-03-02T22:26:42","guid":{"rendered":"https:\/\/www.futboltotal.com.mx\/?p=519424"},"modified":"2018-03-02T16:26:42","modified_gmt":"2018-03-02T22:26:42","slug":"menez-oribe-la-dupla-america-clasico-contra-chivas","status":"publish","type":"post","link":"http:\/\/desarrollo.grupomedios.com\/futbol\/futbol-mexicano\/menez-oribe-la-dupla-america-clasico-contra-chivas\/2018\/03","title":{"rendered":"M\u00e9nez y Oribe: la dupla de Am\u00e9rica para el Cl\u00e1sico contra Chivas"},"content":{"rendered":"<p>Las <strong>\u00c1guilas del Am\u00e9rica<\/strong> ya tienen definido a su once inicial para el <strong>Cl\u00e1sico Nacional<\/strong> de este s\u00e1bado por la noche contra las <strong>Chivas Rayadas del Guadalajara<\/strong>.<\/p>\n<p><strong>Miguel Herrera<\/strong>, fiel a su estilo, dio a conocer que estos ser\u00e1n los jugadores que estar\u00e1n desde el principio para encarar la edici\u00f3n 225 del futbol mexicano.<\/p>\n<p><strong>Agust\u00edn Marches\u00edn<\/strong> en la porter\u00eda; <strong>Bruno Valdez y V\u00edctor Aguilera<\/strong> como los centrales, mientras que <strong>Paul Aguilar y Carlos Vargas<\/strong> en las laterales.<\/p>\n<p style=\"text-align: center;\"><span style=\"color: #333399;\"><a href=\"https:\/\/www.futboltotal.com.mx\/futbol-mexicano\/jovenes-chivas-necesitan-los-cacheteen-oswaldo-sanchez\/2018\/03\">VER M\u00c1S &#8211;\u00a0<span class=\"item-title\">J\u00f3venes de Chivas necesitan que los cacheteen: Oswaldo S\u00e1nchez<\/span><\/a><\/span><\/p>\n<p>En la mediacancha, <strong>Guido Rodr\u00edguez y Matheus Uribe<\/strong> ser\u00e1n la fuerza que potenciara un ataque conformado por el franc\u00e9s <strong>J\u00e9r\u00e9my M\u00e9nez y Oribe Peralta<\/strong>, mientras que los volantes ser\u00e1n <strong>Cecilio Dom\u00ednguez y Renato Ibarra.<\/strong><\/p>\n<p>Las bajas ser\u00e1n: <strong>Edson \u00c1lvarez y William da Silva<\/strong>.<\/p>\n","protected":false},"excerpt":{"rendered":"<p>Am\u00e9rica dio a conocer su alineaci\u00f3n para el Cl\u00e1sico Nacional<\/p>\n","protected":false},"author":160,"featured_media":519425,"comment_status":"closed","ping_status":"closed","sticky":false,"template":"","format":"standard","meta":[],"categories":[2198,3845],"tags":[5959,70,4461,1508],"_links":{"self":[{"href":"http:\/\/desarrollo.grupomedios.com\/futbol\/wp-json\/wp\/v2\/posts\/519424"}],"collection":[{"href":"http:\/\/desarrollo.grupomedios.com\/futbol\/wp-json\/wp\/v2\/posts"}],"about":[{"href":"http:\/\/desarrollo.grupomedios.com\/futbol\/wp-json\/wp\/v2\/types\/post"}],"author":[{"embeddable":true,"href":"http:\/\/desarrollo.grupomedios.com\/futbol\/wp-json\/wp\/v2\/users\/160"}],"replies":[{"embeddable":true,"href":"http:\/\/desarrollo.grupomedios.com\/futbol\/wp-json\/wp\/v2\/comments?post=519424"}],"version-history":[{"count":1,"href":"http:\/\/desarrollo.grupomedios.com\/futbol\/wp-json\/wp\/v2\/posts\/519424\/revisions"}],"predecessor-version":[{"id":519426,"href":"http:\/\/desarrollo.grupomedios.com\/futbol\/wp-json\/wp\/v2\/posts\/519424\/revisions\/519426"}],"wp:featuredmedia":[{"embeddable":true,"href":"http:\/\/desarrollo.grupomedios.com\/futbol\/wp-json\/wp\/v2\/media\/519425"}],"wp:attachment":[{"href":"http:\/\/desarrollo.grupomedios.com\/futbol\/wp-json\/wp\/v2\/media?parent=519424"}],"wp:term":[{"taxonomy":"category","embeddable":true,"href":"http:\/\/desarrollo.grupomedios.com\/futbol\/wp-json\/wp\/v2\/categories?post=519424"},{"taxonomy":"post_tag","embeddable":true,"href":"http:\/\/desarrollo.grupomedios.com\/futbol\/wp-json\/wp\/v2\/tags?post=519424"}],"curies":[{"name":"wp","href":"https:\/\/api.w.org\/{rel}","templated":true}]}}