{"id":519482,"date":"2018-03-03T11:00:40","date_gmt":"2018-03-03T17:00:40","guid":{"rendered":"https:\/\/www.futboltotal.com.mx\/?p=519482"},"modified":"2018-03-03T11:00:40","modified_gmt":"2018-03-03T17:00:40","slug":"porto-confirma-adios-iker-casillas","status":"publish","type":"post","link":"http:\/\/desarrollo.grupomedios.com\/futbol\/futbol-internacional\/porto-confirma-adios-iker-casillas\/2018\/03","title":{"rendered":"Porto confirma el adi\u00f3s de Iker Casillas"},"content":{"rendered":"<p>Los d\u00edas del guardameta espa\u00f1ol <strong>Iker Casillas<\/strong> en el <strong>Porto<\/strong>, as\u00ed lo ha confirmado el\u00a0director de comunicaci\u00f3n del club,<strong> Francisco J. Marques<\/strong> quien ha indicado que necesitan liberar los contratos m\u00e1s altos en la entidad portuguesa para aligerar la parte econ\u00f3mica del club.<\/p>\n<p>&#8220;Por motivos que no vienen al caso, el club durante mucho tiempo gast\u00f3 m\u00e1s dinero del que deb\u00eda.<strong> Est\u00e1 obligado a recortar gastos, sobre todo de salarios de jugadores, que es la partida m\u00e1s importante&#8221;,<\/strong> dijo Marques en entrevista para diario A Bola de Portugal.<\/p>\n<p style=\"text-align: center;\"><a href=\"https:\/\/www.futboltotal.com.mx\/futbol-mexicano\/liga-mx\/jugadores-liga-mx-serian-franquicia-en-la-mls\/2018\/03\">VER M\u00c1S: Jugadores de Liga MX que ser\u00edan franquicia en la MLS<\/a><\/p>\n<p>&#8220;Pero los contratos est\u00e1n en vigor. \u00bfQui\u00e9n es el que consume dinero? Los contratos con los jugadores&#8221;, a\u00f1adi\u00f3 el director de comunicaci\u00f3n. &#8220;S\u00f3lo conseguiremos equilibrar las cosas cuando los contratos terminen. Por ejemplo, <mark>el contrato con Casillas termina a finales de este a\u00f1o&#8221;<\/mark>, record\u00f3 luego de tres temporadas con el Porto.<\/p>\n<p>Por \u00faltimo estableci\u00f3 que se trata de un contrato muy alto que tendr\u00e1n que terminar de consumar; &#8220;vamos a pagar hasta el fin religiosamente, no tenemos alternativa, pero<strong> cuando el contrato termine vamos a tener una holgura de algunos millones de euros anuales&#8221;<\/strong>, finaliz\u00f3 el portavoz.<\/p>\n<p>Esto pondr\u00eda fin a la era del espa\u00f1ol con los Dragones desde su llegada el verano del 2015 procedente del Real Madrid y que sus dos primeras temporadas bajo el mando de\u00a0<strong>Julen Lopetegui<\/strong> fuera el guardi\u00e1n de los tres palos de forma indiscutible pero con la llegada de\u00a0<strong>S\u00e9rgio Concei\u00e7\u00e3o<\/strong> ha perdido ese estatus.<\/p>\n<p style=\"text-align: center;\"><a href=\"https:\/\/www.futboltotal.com.mx\/futbol-mexicano\/liga-mx\/cuanto-la-loteria-saco-monarcas-raul-ruidiaz\/2018\/03\">VER M\u00c1S: \u00bfDe cu\u00e1nto es la loter\u00eda que sac\u00f3 Monarcas con Ra\u00fal Ruid\u00edaz?<\/a><\/p>\n<p>&nbsp;<\/p>\n","protected":false},"excerpt":{"rendered":"<p>El guardameta espa\u00f1ol perdi\u00f3 la titularidad esta temporada pero no su sueldo millonario<\/p>\n","protected":false},"author":159,"featured_media":512246,"comment_status":"closed","ping_status":"closed","sticky":false,"template":"","format":"standard","meta":[],"categories":[3839,7709],"tags":[6019,1208,715,9195],"_links":{"self":[{"href":"http:\/\/desarrollo.grupomedios.com\/futbol\/wp-json\/wp\/v2\/posts\/519482"}],"collection":[{"href":"http:\/\/desarrollo.grupomedios.com\/futbol\/wp-json\/wp\/v2\/posts"}],"about":[{"href":"http:\/\/desarrollo.grupomedios.com\/futbol\/wp-json\/wp\/v2\/types\/post"}],"author":[{"embeddable":true,"href":"http:\/\/desarrollo.grupomedios.com\/futbol\/wp-json\/wp\/v2\/users\/159"}],"replies":[{"embeddable":true,"href":"http:\/\/desarrollo.grupomedios.com\/futbol\/wp-json\/wp\/v2\/comments?post=519482"}],"version-history":[{"count":1,"href":"http:\/\/desarrollo.grupomedios.com\/futbol\/wp-json\/wp\/v2\/posts\/519482\/revisions"}],"predecessor-version":[{"id":519483,"href":"http:\/\/desarrollo.grupomedios.com\/futbol\/wp-json\/wp\/v2\/posts\/519482\/revisions\/519483"}],"wp:featuredmedia":[{"embeddable":true,"href":"http:\/\/desarrollo.grupomedios.com\/futbol\/wp-json\/wp\/v2\/media\/512246"}],"wp:attachment":[{"href":"http:\/\/desarrollo.grupomedios.com\/futbol\/wp-json\/wp\/v2\/media?parent=519482"}],"wp:term":[{"taxonomy":"category","embeddable":true,"href":"http:\/\/desarrollo.grupomedios.com\/futbol\/wp-json\/wp\/v2\/categories?post=519482"},{"taxonomy":"post_tag","embeddable":true,"href":"http:\/\/desarrollo.grupomedios.com\/futbol\/wp-json\/wp\/v2\/tags?post=519482"}],"curies":[{"name":"wp","href":"https:\/\/api.w.org\/{rel}","templated":true}]}}