{"id":519496,"date":"2018-03-03T15:38:03","date_gmt":"2018-03-03T21:38:03","guid":{"rendered":"https:\/\/www.futboltotal.com.mx\/?p=519496"},"modified":"2018-03-03T15:38:03","modified_gmt":"2018-03-03T21:38:03","slug":"real-madrid-3-getafe-1-laliga-2018-resumen","status":"publish","type":"post","link":"http:\/\/desarrollo.grupomedios.com\/futbol\/destacado-home\/real-madrid-3-getafe-1-laliga-2018-resumen\/2018\/03","title":{"rendered":"CR7 le da el triunfo al Real Madrid sobre Getafe"},"content":{"rendered":"<p>El <strong>Real Madrid<\/strong> se llev\u00f3 un triunfo tranquilo ante el<strong> Getafe<\/strong> en un duelo que sirvi\u00f3 para que <strong>Cristiano Ronaldo<\/strong> llegara a 301 goles en LaLiga y adem\u00e1s que<strong> Gareth Bale<\/strong> levantara la mano para jugar a media semana el duelo ante <strong>Paris Saint-Germain<\/strong> en la <strong>UEFA Champions League.<\/strong><\/p>\n<p>El comienzo del partido se dio con un ritmo semilento y muy complicado para los merengues, pues el cuadro visitante supo hacer un trabuco en el \u00faltimo tramo de su cancha <strong>Cristiano Ronaldo<\/strong> puso en problemas al arquero <strong>Emiliano Mart\u00ednez<\/strong> con un cabezazo, pero el partido lo manejaba en la media cancha <strong>Isco.<\/strong><\/p>\n<p>Por parte del Getafe, \u00c1ngel fue el \u00fanico que pudo hacer temblar el arco de<strong> Keylor Navas<\/strong> con un disparo que ataj\u00f3 el costarricense de buena forma, pero de inmediato respondieron los merengues con una jugada en conjunto de <strong>Karim Benzema<\/strong> e Isco que termin\u00f3 por culminar de pierna izquierda <strong>Gareth Bale.<\/strong><\/p>\n<p style=\"text-align: center;\"><a href=\"https:\/\/www.futboltotal.com.mx\/futbol-mexicano\/liga-mx\/10-imagenes-que-calentara-el-clasico-entre-chivas-america\/2018\/03\">VER M\u00c1S: 10 im\u00e1genes que calentar\u00e1n el Chivas vs Am\u00e9rica<\/a><\/p>\n<blockquote class=\"twitter-tweet\" data-width=\"500\">\n<p lang=\"es\" dir=\"ltr\">Bale abre o placar! Real Madrid 1&#215;0 Getafe<\/p>\n<p>(siga: <a href=\"https:\/\/twitter.com\/HTE__Sports?ref_src=twsrc%5Etfw\">@HTE__Sports<\/a>) <a href=\"https:\/\/t.co\/GkDuQkImDH\">pic.twitter.com\/GkDuQkImDH<\/a><\/p>\n<p>&mdash; V\u00eddeos de gols (@gols_videosHTE) <a href=\"https:\/\/twitter.com\/gols_videosHTE\/status\/970029380138426370?ref_src=twsrc%5Etfw\">March 3, 2018<\/a><\/p><\/blockquote>\n<p><script async src=\"https:\/\/platform.twitter.com\/widgets.js\" charset=\"utf-8\"><\/script><\/p>\n<p>Despu\u00e9s del gol poco pudo contarse, pues los visitantes no cambiaron la forma de jugar mientras que los madridistas parec\u00edan irse contentos con el marcador pero <strong>Benzema<\/strong> intent\u00f3 un remate y<strong> Carvajal<\/strong> mand\u00f3 el bal\u00f3n pegado al poste, pero fue <strong>Cristiano Ronaldo<\/strong> quien con un buen disparo tras dos regates acab\u00f3 por ampliar la ventaja para los merengues antes del descanso.<\/p>\n<blockquote class=\"twitter-tweet\" data-width=\"500\">\n<p lang=\"ja\" dir=\"ltr\">\u30ed\u30ca\u30a6\u30c9\u306e\u30b4\u30fc\u30eb\u3067\u30ec\u30a2\u30eb\u306b\u8ffd\u52a0\u70b9\uff01<br \/>Cristiano Ronaldo !!!!!!!!!!!!!!!!!!!!!!!!!!!<\/p>\n<p>          \u30ec\u30a2\u30eb 2-0 \u30d8\u30bf\u30d5\u30a7<a href=\"https:\/\/twitter.com\/hashtag\/%E3%83%AC%E3%82%A2%E3%83%AB%E3%83%9E%E3%83%89%E3%83%AA%E3%83%BC%E3%83%89?src=hash&amp;ref_src=twsrc%5Etfw\">#\u30ec\u30a2\u30eb\u30de\u30c9\u30ea\u30fc\u30c9<\/a> <a href=\"https:\/\/twitter.com\/hashtag\/realmadrid?src=hash&amp;ref_src=twsrc%5Etfw\">#realmadrid<\/a> <a href=\"https:\/\/twitter.com\/hashtag\/RealMadridGetafe?src=hash&amp;ref_src=twsrc%5Etfw\">#RealMadridGetafe<\/a> <a href=\"https:\/\/t.co\/OIx6dxr0ak\">pic.twitter.com\/OIx6dxr0ak<\/a><\/p>\n<p>&mdash; \u30ec\u30a2\u30eb\u30fb\u30de\u30c9\u30ea\u30fc\u30c9\u901f\u5831 (@RM_QuickNews) <a href=\"https:\/\/twitter.com\/RM_QuickNews\/status\/970034595872698369?ref_src=twsrc%5Etfw\">March 3, 2018<\/a><\/p><\/blockquote>\n<p><script async src=\"https:\/\/platform.twitter.com\/widgets.js\" charset=\"utf-8\"><\/script><\/p>\n<p>El Getafe hab\u00eda salido con un nuevo chip en la segunda mitad y\u00a0<strong>Lo\u00efc R\u00e9my<\/strong> sali\u00f3 como protagonista, primero con un disparo que volvi\u00f3 a inquietar el arco de<strong> Keylor Navas<\/strong>, sin embargo apenas un minuto despu\u00e9s se march\u00f3 expulsado por una falta sobre <strong>Nacho.<\/strong><\/p>\n<p>Pero el equipo visitante no se vino abajo e incluso mostr\u00f3 sus mejores credenciales con desventaja num\u00e9rica,<strong>\u00a0Jorge Molina<\/strong> provoc\u00f3 un penal del mismo Nacho que<strong> Portillo<\/strong> se encarg\u00f3 de anotar desde los once pasos y acercar a su equipo en el marcador.<\/p>\n<p>El encuentro se convirti\u00f3 en un duelo tenso que esperaba un gol de cualquier equipo para tomar rumbo; <strong>Cristiano Ronaldo <\/strong>y<strong> Karim Benzema<\/strong> intentaron respectivamente terminar el encuentro, pero fue el portugu\u00e9s quien consigui\u00f3 su gol 301 en LaLiga para sentenciar el encuentro.<\/p>\n<blockquote class=\"twitter-tweet\" data-width=\"500\">\n<p lang=\"en\" dir=\"ltr\"><a href=\"https:\/\/twitter.com\/Cristiano?ref_src=twsrc%5Etfw\">@Cristiano<\/a>  with his second goal  assist from <a href=\"https:\/\/twitter.com\/MarceloM12?ref_src=twsrc%5Etfw\">@MarceloM12<\/a> .<br \/>Relief for <a href=\"https:\/\/twitter.com\/realmadrid?ref_src=twsrc%5Etfw\">@realmadrid<\/a> <a href=\"https:\/\/twitter.com\/hashtag\/RealMadridGetafe?src=hash&amp;ref_src=twsrc%5Etfw\">#RealMadridGetafe<\/a>  <a href=\"https:\/\/twitter.com\/hashtag\/LaLigaSantander?src=hash&amp;ref_src=twsrc%5Etfw\">#LaLigaSantander<\/a>  <a href=\"https:\/\/twitter.com\/hashtag\/LaLiga?src=hash&amp;ref_src=twsrc%5Etfw\">#LaLiga<\/a>  <a href=\"https:\/\/twitter.com\/hashtag\/Ronaldo?src=hash&amp;ref_src=twsrc%5Etfw\">#Ronaldo<\/a>  <a href=\"https:\/\/twitter.com\/hashtag\/RMLiga?src=hash&amp;ref_src=twsrc%5Etfw\">#RMLiga<\/a>  <a href=\"https:\/\/twitter.com\/hashtag\/GoalOfTheDay?src=hash&amp;ref_src=twsrc%5Etfw\">#GoalOfTheDay<\/a>  <a href=\"https:\/\/twitter.com\/hashtag\/goals?src=hash&amp;ref_src=twsrc%5Etfw\">#goals<\/a> <a href=\"https:\/\/t.co\/phnuFmf40r\">pic.twitter.com\/phnuFmf40r<\/a><\/p>\n<p>&mdash; Sportsaddict (@Sportsa15998379) <a href=\"https:\/\/twitter.com\/Sportsa15998379\/status\/970047352642838528?ref_src=twsrc%5Etfw\">March 3, 2018<\/a><\/p><\/blockquote>\n<p><script async src=\"https:\/\/platform.twitter.com\/widgets.js\" charset=\"utf-8\"><\/script><\/p>\n","protected":false},"excerpt":{"rendered":"<p>El portugu\u00e9s logr\u00f3 llegar a 301 goles en LaLiga gracias a su doblete<\/p>\n","protected":false},"author":159,"featured_media":519497,"comment_status":"closed","ping_status":"closed","sticky":false,"template":"","format":"standard","meta":[],"categories":[5,3839,3844],"tags":[6013,253,463,76,5988],"_links":{"self":[{"href":"http:\/\/desarrollo.grupomedios.com\/futbol\/wp-json\/wp\/v2\/posts\/519496"}],"collection":[{"href":"http:\/\/desarrollo.grupomedios.com\/futbol\/wp-json\/wp\/v2\/posts"}],"about":[{"href":"http:\/\/desarrollo.grupomedios.com\/futbol\/wp-json\/wp\/v2\/types\/post"}],"author":[{"embeddable":true,"href":"http:\/\/desarrollo.grupomedios.com\/futbol\/wp-json\/wp\/v2\/users\/159"}],"replies":[{"embeddable":true,"href":"http:\/\/desarrollo.grupomedios.com\/futbol\/wp-json\/wp\/v2\/comments?post=519496"}],"version-history":[{"count":1,"href":"http:\/\/desarrollo.grupomedios.com\/futbol\/wp-json\/wp\/v2\/posts\/519496\/revisions"}],"predecessor-version":[{"id":519498,"href":"http:\/\/desarrollo.grupomedios.com\/futbol\/wp-json\/wp\/v2\/posts\/519496\/revisions\/519498"}],"wp:featuredmedia":[{"embeddable":true,"href":"http:\/\/desarrollo.grupomedios.com\/futbol\/wp-json\/wp\/v2\/media\/519497"}],"wp:attachment":[{"href":"http:\/\/desarrollo.grupomedios.com\/futbol\/wp-json\/wp\/v2\/media?parent=519496"}],"wp:term":[{"taxonomy":"category","embeddable":true,"href":"http:\/\/desarrollo.grupomedios.com\/futbol\/wp-json\/wp\/v2\/categories?post=519496"},{"taxonomy":"post_tag","embeddable":true,"href":"http:\/\/desarrollo.grupomedios.com\/futbol\/wp-json\/wp\/v2\/tags?post=519496"}],"curies":[{"name":"wp","href":"https:\/\/api.w.org\/{rel}","templated":true}]}}