{"id":519505,"date":"2018-03-02T21:25:56","date_gmt":"2018-03-03T03:25:56","guid":{"rendered":"https:\/\/www.futboltotal.com.mx\/?p=519505"},"modified":"2018-03-03T23:10:48","modified_gmt":"2018-03-04T05:10:48","slug":"chivas-vs-club-america-clausura-2018-en-vivo-minuto-a-minuto","status":"publish","type":"post","link":"http:\/\/desarrollo.grupomedios.com\/futbol\/futbol-mexicano\/chivas-vs-club-america-clausura-2018-en-vivo-minuto-a-minuto\/2018\/03","title":{"rendered":"Chivas vs Club Am\u00e9rica | Clausura 2018 | EN VIVO: Minuto a minuto"},"content":{"rendered":"<p>Las Chivas de Guadalajara reciben a las \u00c1guilas del Am\u00e9rica este 3 de marzo en el Estadio Akron en punto de las 21:06 horas, se juega otro Cl\u00e1sico Nacional en donde ambos equipos querr\u00e1n llevarse el triunfo por el orgullo que implica.<\/p>\n<div><iframe src=\"https:\/\/en-vivo.futboltotal.com.mx\/embed.php\/?id=627\" width=\"100%\" id=\"frame_minuto\"><\/iframe><\/div>\n<p>Chivas llega luego de un empate ante Pumas de la UNAM y necesita del triunfo urgentemente pues tienen 7 puntos y son pen\u00faltimos de la tabla general, buscar\u00e1n que sea el duelo ante su ac\u00e9rrimo rival quien los termine de catapultar en el torneo.<\/p>\n<p>Por su parte los azulcremas viven un gran momento a pesar que viene de empatar sin goles ante Xolos de Tijuana, es primero de la general con 17 puntos y ha mostrado un buen nivel.<\/p>\n","protected":false},"excerpt":{"rendered":"<p>Una edici\u00f3n m\u00e1s del Cl\u00e1sico Nacional en donde ambos equipos buscar\u00e1n ganar por el orgullo<\/p>\n","protected":false},"author":159,"featured_media":519506,"comment_status":"closed","ping_status":"closed","sticky":false,"template":"","format":"standard","meta":[],"categories":[2198,3845],"tags":[1585,5959,70,9028,5963,64],"_links":{"self":[{"href":"http:\/\/desarrollo.grupomedios.com\/futbol\/wp-json\/wp\/v2\/posts\/519505"}],"collection":[{"href":"http:\/\/desarrollo.grupomedios.com\/futbol\/wp-json\/wp\/v2\/posts"}],"about":[{"href":"http:\/\/desarrollo.grupomedios.com\/futbol\/wp-json\/wp\/v2\/types\/post"}],"author":[{"embeddable":true,"href":"http:\/\/desarrollo.grupomedios.com\/futbol\/wp-json\/wp\/v2\/users\/159"}],"replies":[{"embeddable":true,"href":"http:\/\/desarrollo.grupomedios.com\/futbol\/wp-json\/wp\/v2\/comments?post=519505"}],"version-history":[{"count":1,"href":"http:\/\/desarrollo.grupomedios.com\/futbol\/wp-json\/wp\/v2\/posts\/519505\/revisions"}],"predecessor-version":[{"id":519507,"href":"http:\/\/desarrollo.grupomedios.com\/futbol\/wp-json\/wp\/v2\/posts\/519505\/revisions\/519507"}],"wp:featuredmedia":[{"embeddable":true,"href":"http:\/\/desarrollo.grupomedios.com\/futbol\/wp-json\/wp\/v2\/media\/519506"}],"wp:attachment":[{"href":"http:\/\/desarrollo.grupomedios.com\/futbol\/wp-json\/wp\/v2\/media?parent=519505"}],"wp:term":[{"taxonomy":"category","embeddable":true,"href":"http:\/\/desarrollo.grupomedios.com\/futbol\/wp-json\/wp\/v2\/categories?post=519505"},{"taxonomy":"post_tag","embeddable":true,"href":"http:\/\/desarrollo.grupomedios.com\/futbol\/wp-json\/wp\/v2\/tags?post=519505"}],"curies":[{"name":"wp","href":"https:\/\/api.w.org\/{rel}","templated":true}]}}