{"id":519542,"date":"2018-03-04T09:40:08","date_gmt":"2018-03-04T15:40:08","guid":{"rendered":"https:\/\/www.futboltotal.com.mx\/?p=519542"},"modified":"2018-03-04T09:40:08","modified_gmt":"2018-03-04T15:40:08","slug":"fallece-davide-astori-capitan-la-fiorentina-en-hotel-concentracion","status":"publish","type":"post","link":"http:\/\/desarrollo.grupomedios.com\/futbol\/destacado-home\/fallece-davide-astori-capitan-la-fiorentina-en-hotel-concentracion\/2018\/03","title":{"rendered":"Fallece Davide Astori, el capit\u00e1n de la Fiorentina en hotel de concentraci\u00f3n"},"content":{"rendered":"<p>El capit\u00e1n del <strong>Fiorentina<\/strong>, el italiano <strong>Davide Astori<\/strong>, ha fallecido este domingo a los 31 a\u00f1os en una habitaci\u00f3n de un hotel de Udine (norte de Italia), donde se encontraba concentrado con su club para disputar un partido liguero.<\/p>\n<p><mark>&#8220;El Fiorentina, profundamente dolido, est\u00e1 obligado a comunicar que falleci\u00f3 su capit\u00e1n David Astori, por un malestar. Por la terrible y delicada situaci\u00f3n, y sobre todo por respeto a su familia, se pide la sensibilidad de todos&#8221;<\/mark>, inform\u00f3 el Fiorentina mediante un comunicado.<\/p>\n<p>El defensa, nacido el 7 de enero de 1987 en San Giovanni Bianco, en la provincia de B\u00e9rgamo (norte), fue catorce veces internacional italiano y, tras formarse en los juveniles del <strong>Milan<\/strong>, jug\u00f3 en la Serie A (Primera Divisi\u00f3n) con el Cagliari, el Roma y el Fiorentina.<\/p>\n<p><strong>Fich\u00f3 por el club toscano en el verano de 2015<\/strong> y disput\u00f3 106 partidos con la camiseta &#8220;viola&#8221;, convirti\u00e9ndose en un l\u00edder del equipo, del que era capit\u00e1n, y en un \u00eddolo de la afici\u00f3n del estadio Artemio Franchi.<\/p>\n<p style=\"text-align: center;\"><span style=\"color: #333399;\"><a href=\"https:\/\/www.futboltotal.com.mx\/futbol-internacional\/cristiano-vuelve-a-mejor-forma-apunta-psg\/2018\/03\">VER M\u00c1S:\u00a0<span class=\"item-title\">Cristiano vuelve a su mejor forma y ahora apunta al PSG<\/span><\/a><\/span><\/p>\n<p>Astori, que compart\u00eda el vestuario del Fiorentina con el argentino <strong>Giovanni Simeone<\/strong>, hijo del t\u00e9cnico del Atl\u00e9tico Madrid, Diego Pablo, deja a su mujer y una hija.<\/p>\n<p>La noticia de la muerte del futbolista italiano sacudi\u00f3 al pa\u00eds transalpino y, por decisi\u00f3n del comisario de la Serie A, Giovanni Malag\u00f3, <strong>los siete partidos previstos para este domingo de la jornada liguera han sido aplazados por luto<\/strong>.<\/p>\n<p>Adem\u00e1s, la Federaci\u00f3n de F\u00fatbol italiana (FIGC) inform\u00f3 de que, por voluntad del comisario extraordinario, Roberto Fabbricini, <strong>todas las competiciones futbol\u00edsticas oficiales que se disputen este domingo guardar\u00e1n un minuto de silencio<\/strong>.<\/p>\n<p style=\"text-align: center;\"><span style=\"color: #333399;\"><a href=\"https:\/\/www.futboltotal.com.mx\/destacado-home\/swansea-city-4-west-ham-united-1-premier-league-2018-resumen\/2018\/03\">VER M\u00c1S:\u00a0<span class=\"item-title\">Chicharito y West Ham son goleados por el Swansea<\/span><\/a><\/span><\/p>\n<p>Muchos clubes italianos est\u00e1n mostrando en estas horas su p\u00e9same por la tr\u00e1gica noticia, como el Cagliari, que fue el club con el que Astori se estren\u00f3 en la <strong>Serie A<\/strong>.<\/p>\n<p><mark>&#8220;Con nuestra camiseta has realizado tus sue\u00f1os, has marcado con la Selecci\u00f3n, has sido nuestro valiente capit\u00e1n. Has sido amado por nuestra gente y has amado nuestra tierra (Cerde\u00f1a). Ciao Davide&#8221;<\/mark>, fue el mensaje publicado por el Cagliari en su cuenta de Twitter.<\/p>\n<p>Al dolor por el fallecimiento de Astori se sum\u00f3 tambi\u00e9n el delantero argentino del Juventus <strong>Paulo Dybala<\/strong> que, tambi\u00e9n a trav\u00e9s de Twitter, escribi\u00f3: &#8220;Sin palabras. Descansa en paz Davide Astori&#8221;.<\/p>\n","protected":false},"excerpt":{"rendered":"<p>Un paro card\u00edaco ser\u00eda la raz\u00f3n de la terrible muerte<\/p>\n","protected":false},"author":160,"featured_media":519543,"comment_status":"closed","ping_status":"closed","sticky":false,"template":"","format":"standard","meta":[],"categories":[5,3839,3848],"tags":[11972,1053,2722],"_links":{"self":[{"href":"http:\/\/desarrollo.grupomedios.com\/futbol\/wp-json\/wp\/v2\/posts\/519542"}],"collection":[{"href":"http:\/\/desarrollo.grupomedios.com\/futbol\/wp-json\/wp\/v2\/posts"}],"about":[{"href":"http:\/\/desarrollo.grupomedios.com\/futbol\/wp-json\/wp\/v2\/types\/post"}],"author":[{"embeddable":true,"href":"http:\/\/desarrollo.grupomedios.com\/futbol\/wp-json\/wp\/v2\/users\/160"}],"replies":[{"embeddable":true,"href":"http:\/\/desarrollo.grupomedios.com\/futbol\/wp-json\/wp\/v2\/comments?post=519542"}],"version-history":[{"count":1,"href":"http:\/\/desarrollo.grupomedios.com\/futbol\/wp-json\/wp\/v2\/posts\/519542\/revisions"}],"predecessor-version":[{"id":519544,"href":"http:\/\/desarrollo.grupomedios.com\/futbol\/wp-json\/wp\/v2\/posts\/519542\/revisions\/519544"}],"wp:featuredmedia":[{"embeddable":true,"href":"http:\/\/desarrollo.grupomedios.com\/futbol\/wp-json\/wp\/v2\/media\/519543"}],"wp:attachment":[{"href":"http:\/\/desarrollo.grupomedios.com\/futbol\/wp-json\/wp\/v2\/media?parent=519542"}],"wp:term":[{"taxonomy":"category","embeddable":true,"href":"http:\/\/desarrollo.grupomedios.com\/futbol\/wp-json\/wp\/v2\/categories?post=519542"},{"taxonomy":"post_tag","embeddable":true,"href":"http:\/\/desarrollo.grupomedios.com\/futbol\/wp-json\/wp\/v2\/tags?post=519542"}],"curies":[{"name":"wp","href":"https:\/\/api.w.org\/{rel}","templated":true}]}}