{"id":519569,"date":"2018-03-04T14:30:33","date_gmt":"2018-03-04T20:30:33","guid":{"rendered":"https:\/\/www.futboltotal.com.mx\/?p=519569"},"modified":"2018-03-04T14:30:33","modified_gmt":"2018-03-04T20:30:33","slug":"leyenda-del-futbol-holandes-dice-adios-a-seleccion","status":"publish","type":"post","link":"http:\/\/desarrollo.grupomedios.com\/futbol\/futbol-internacional\/leyenda-del-futbol-holandes-dice-adios-a-seleccion\/2018\/03","title":{"rendered":"Leyenda del futbol holand\u00e9s dice adi\u00f3s a su selecci\u00f3n"},"content":{"rendered":"<p>La <strong>Federaci\u00f3n Holandesa de F\u00fatbol<\/strong> (KNVB) confirm\u00f3 este domingo la decisi\u00f3n de <strong>Wesley Sneijder<\/strong> de dejar la selecci\u00f3n de su pa\u00eds, con la que ha disputado 133 partidos internacionales desde su debut en 2003.<\/p>\n<p>La decisi\u00f3n de Sneijder (Utrecht, 1984) fue anunciada en un comunicado por la <strong>KNVB<\/strong>, una vez que el seleccionador Ronald Koeman trasladara al actual jugador del club catar\u00ed Al Gharafa su intenci\u00f3n de renovar la selecci\u00f3n y no volver a contar con \u00e9l.<\/p>\n<p>&#8220;Hemos hablado muy abiertamente sobre esto y ha sido una conversaci\u00f3n muy agradable. Yo respeto su decisi\u00f3n&#8221;, declar\u00f3 el holand\u00e9s, exjugador de clubes como <strong>Ajax de Amsterdam, Real Madrid, Inter de Mil\u00e1n y Galatasaray<\/strong> turco.<\/p>\n<p style=\"text-align: center;\"><span style=\"color: #333399;\"><a href=\"https:\/\/www.futboltotal.com.mx\/futbol-internacional\/manchester-city-1-chelsea-0-premier-league-final-resumen\/2018\/03\">VER M\u00c1S:\u00a0<span class=\"item-title\">Manchester City bate al Chelsea y camina hacia el campeonato<\/span><\/a><\/span><\/p>\n<p>Sneijder debut\u00f3 con la selecci\u00f3n holandesa en 2003, en un partido amistoso contra <strong>Portugal<\/strong>, y ha sido internacional con su pa\u00eds en 133 encuentros.<\/p>\n<p>Entre ellos figuran los de los mundiales de Alemania 2006, Sud\u00e1frica 2010, donde Holanda perdi\u00f3 la final contra <strong>Espa\u00f1a, y Brasil 2014<\/strong>, en el que su selecci\u00f3n acab\u00f3 tercera, adem\u00e1s de las Eurocopas de 2004 y 2008 .<\/p>\n<p><em>INFORMACI\u00d3N: EFE<\/em><\/p>\n","protected":false},"excerpt":{"rendered":"<p>Fue verdugo de la Selecci\u00f3n Mexicana en el Mundial de Brasil 2014<\/p>\n","protected":false},"author":160,"featured_media":519570,"comment_status":"closed","ping_status":"closed","sticky":false,"template":"","format":"standard","meta":[],"categories":[3839],"tags":[6024,1938],"_links":{"self":[{"href":"http:\/\/desarrollo.grupomedios.com\/futbol\/wp-json\/wp\/v2\/posts\/519569"}],"collection":[{"href":"http:\/\/desarrollo.grupomedios.com\/futbol\/wp-json\/wp\/v2\/posts"}],"about":[{"href":"http:\/\/desarrollo.grupomedios.com\/futbol\/wp-json\/wp\/v2\/types\/post"}],"author":[{"embeddable":true,"href":"http:\/\/desarrollo.grupomedios.com\/futbol\/wp-json\/wp\/v2\/users\/160"}],"replies":[{"embeddable":true,"href":"http:\/\/desarrollo.grupomedios.com\/futbol\/wp-json\/wp\/v2\/comments?post=519569"}],"version-history":[{"count":1,"href":"http:\/\/desarrollo.grupomedios.com\/futbol\/wp-json\/wp\/v2\/posts\/519569\/revisions"}],"predecessor-version":[{"id":519571,"href":"http:\/\/desarrollo.grupomedios.com\/futbol\/wp-json\/wp\/v2\/posts\/519569\/revisions\/519571"}],"wp:featuredmedia":[{"embeddable":true,"href":"http:\/\/desarrollo.grupomedios.com\/futbol\/wp-json\/wp\/v2\/media\/519570"}],"wp:attachment":[{"href":"http:\/\/desarrollo.grupomedios.com\/futbol\/wp-json\/wp\/v2\/media?parent=519569"}],"wp:term":[{"taxonomy":"category","embeddable":true,"href":"http:\/\/desarrollo.grupomedios.com\/futbol\/wp-json\/wp\/v2\/categories?post=519569"},{"taxonomy":"post_tag","embeddable":true,"href":"http:\/\/desarrollo.grupomedios.com\/futbol\/wp-json\/wp\/v2\/tags?post=519569"}],"curies":[{"name":"wp","href":"https:\/\/api.w.org\/{rel}","templated":true}]}}