{"id":519579,"date":"2018-03-04T18:31:11","date_gmt":"2018-03-05T00:31:11","guid":{"rendered":"https:\/\/www.futboltotal.com.mx\/?p=519579"},"modified":"2018-03-04T18:31:11","modified_gmt":"2018-03-05T00:31:11","slug":"las-fotos-demuestran-messi-mejor-del-mundo","status":"publish","type":"post","link":"http:\/\/desarrollo.grupomedios.com\/futbol\/futbol-internacional\/las-fotos-demuestran-messi-mejor-del-mundo\/2018\/03","title":{"rendered":"Las fotos que demuestran por qu\u00e9 Messi es el mejor del Mundo"},"content":{"rendered":"<p>Adem\u00e1s de que lleg\u00f3 a 600 goles luego de su anotaci\u00f3n en el partido ante el<strong> Atl\u00e9tico de Madrid<\/strong>, <strong>Lionel Messi<\/strong> dej\u00f3 ver unas fotos que demuestran por qu\u00e9 es el mejor del mundo.<\/p>\n<p>El argentino se encarg\u00f3 de subir unas fotograf\u00edas a su cuenta de Instagram donde aparece entrenando con el <strong>Barcelona<\/strong> previo al encuentro ante <strong>los Colchoneros<\/strong>.<\/p>\n<p>En las im\u00e1genes el argentino muestra el poder\u00edo de su pierna izquierda con el bal\u00f3n, y la misma con la que domina el mundo del futbol.<\/p>\n<p style=\"text-align: center;\"><span style=\"color: #3366ff;\"><a href=\"https:\/\/www.futboltotal.com.mx\/futbol-internacional\/liga-de-espana\/barcelona-1-atletico-0-laliga-final-resumen\/2018\/03\">VER M\u00c1S: Lionel Messi logr\u00f3 su gol 600 y Barcelona derrota al Atl\u00e9tico<\/a><\/span><\/p>\n<blockquote class=\"instagram-media\" style=\"background: #FFF; border: 0; border-radius: 3px; box-shadow: 0 0 1px 0 rgba(0,0,0,0.5),0 1px 10px 0 rgba(0,0,0,0.15); margin: 1px; max-width: 658px; padding: 0; width: calc(100% - 2px);\" data-instgrm-permalink=\"https:\/\/www.instagram.com\/p\/Bf3MsgGnyg2\/\" data-instgrm-version=\"8\">\n<div style=\"padding: 8px;\">\n<div style=\"background: #F8F8F8; line-height: 0; margin-top: 40px; padding: 50% 0; text-align: center; width: 100%;\"><\/div>\n<p style=\"color: #c9c8cd; font-family: Arial,sans-serif; font-size: 14px; line-height: 17px; margin-bottom: 0; margin-top: 8px; overflow: hidden; padding: 8px 0 7px; text-align: center; text-overflow: ellipsis; white-space: nowrap;\"><a style=\"color: #c9c8cd; font-family: Arial,sans-serif; font-size: 14px; font-style: normal; font-weight: normal; line-height: 17px; text-decoration: none;\" href=\"https:\/\/www.instagram.com\/p\/Bf3MsgGnyg2\/\" target=\"_blank\" rel=\"noopener\">Una publicaci\u00f3n compartida de Leo Messi (@leomessi)<\/a> el <time style=\"font-family: Arial,sans-serif; font-size: 14px; line-height: 17px;\" datetime=\"2018-03-03T13:18:38+00:00\">Mar 3, 2018 at 5:18 PST<\/time><\/p>\n<\/div>\n<\/blockquote>\n<p><script async defer src=\"\/\/www.instagram.com\/embed.js\"><\/script><\/p>\n","protected":false},"excerpt":{"rendered":"<p>El argentino dej\u00f3 ver c\u00f3mo domina el bal\u00f3n con su pierna izquierda.<\/p>\n","protected":false},"author":129,"featured_media":514345,"comment_status":"closed","ping_status":"closed","sticky":false,"template":"","format":"standard","meta":[],"categories":[3839,3844],"tags":[5984,1913,248],"_links":{"self":[{"href":"http:\/\/desarrollo.grupomedios.com\/futbol\/wp-json\/wp\/v2\/posts\/519579"}],"collection":[{"href":"http:\/\/desarrollo.grupomedios.com\/futbol\/wp-json\/wp\/v2\/posts"}],"about":[{"href":"http:\/\/desarrollo.grupomedios.com\/futbol\/wp-json\/wp\/v2\/types\/post"}],"author":[{"embeddable":true,"href":"http:\/\/desarrollo.grupomedios.com\/futbol\/wp-json\/wp\/v2\/users\/129"}],"replies":[{"embeddable":true,"href":"http:\/\/desarrollo.grupomedios.com\/futbol\/wp-json\/wp\/v2\/comments?post=519579"}],"version-history":[{"count":1,"href":"http:\/\/desarrollo.grupomedios.com\/futbol\/wp-json\/wp\/v2\/posts\/519579\/revisions"}],"predecessor-version":[{"id":519580,"href":"http:\/\/desarrollo.grupomedios.com\/futbol\/wp-json\/wp\/v2\/posts\/519579\/revisions\/519580"}],"wp:featuredmedia":[{"embeddable":true,"href":"http:\/\/desarrollo.grupomedios.com\/futbol\/wp-json\/wp\/v2\/media\/514345"}],"wp:attachment":[{"href":"http:\/\/desarrollo.grupomedios.com\/futbol\/wp-json\/wp\/v2\/media?parent=519579"}],"wp:term":[{"taxonomy":"category","embeddable":true,"href":"http:\/\/desarrollo.grupomedios.com\/futbol\/wp-json\/wp\/v2\/categories?post=519579"},{"taxonomy":"post_tag","embeddable":true,"href":"http:\/\/desarrollo.grupomedios.com\/futbol\/wp-json\/wp\/v2\/tags?post=519579"}],"curies":[{"name":"wp","href":"https:\/\/api.w.org\/{rel}","templated":true}]}}