{"id":519612,"date":"2018-03-04T21:55:36","date_gmt":"2018-03-05T03:55:36","guid":{"rendered":"https:\/\/www.futboltotal.com.mx\/?p=519612"},"modified":"2018-03-04T21:55:36","modified_gmt":"2018-03-05T03:55:36","slug":"epico-trolleo-del-puebla-ante-tigres-rayados","status":"publish","type":"post","link":"http:\/\/desarrollo.grupomedios.com\/futbol\/futbol-mexicano\/epico-trolleo-del-puebla-ante-tigres-rayados\/2018\/03","title":{"rendered":"El \u00e9pico trolleo del Puebla ante Tigres y Rayados"},"content":{"rendered":"<p>El equipo del <strong>Puebla<\/strong> est\u00e1 teniendo un gran momento en el <strong>Clausura 2018<\/strong> luego de ubicarse entre los primeros lugares del torneo tras el triunfo como visitante ante <strong>Monterrey<\/strong>.<\/p>\n<p>Luego de vencer a <strong>Rayados<\/strong>, el conjunto de <strong>La Franja<\/strong> se encarg\u00f3 de trollear de manera \u00e9pica a los conjuntos regiomontanos, a quienes venci\u00f3 ya en este certamen.<\/p>\n<p>A trav\u00e9s de Twitter, la cuenta oficial del Puebla escribi\u00f3: &#8220;\u00bfNo hay m\u00e1s equipos regios en la liga? Es que ya nos gust\u00f3 sumar de a 3 con ellos&#8221;.<\/p>\n<p style=\"text-align: center;\"><span style=\"color: #3366ff;\"><a href=\"https:\/\/www.futboltotal.com.mx\/futbol-mexicano\/liga-mx\/los-memes-del-clasico-acaparan-la-jornada-10-del-clausura-2018\/2018\/03\">VER M\u00c1S: Los memes del Cl\u00e1sico acaparan la Jornada 10 del Clausura 2018<\/a><\/span><\/p>\n<p>https:\/\/twitter.com\/ClubPueblaMX\/status\/970145612313300992<\/p>\n","protected":false},"excerpt":{"rendered":"<p>Los Camoteros ya vencieron a Tigres y Rayados.<\/p>\n","protected":false},"author":129,"featured_media":519613,"comment_status":"closed","ping_status":"closed","sticky":false,"template":"","format":"standard","meta":[],"categories":[2198,3845],"tags":[3883,64,5969],"_links":{"self":[{"href":"http:\/\/desarrollo.grupomedios.com\/futbol\/wp-json\/wp\/v2\/posts\/519612"}],"collection":[{"href":"http:\/\/desarrollo.grupomedios.com\/futbol\/wp-json\/wp\/v2\/posts"}],"about":[{"href":"http:\/\/desarrollo.grupomedios.com\/futbol\/wp-json\/wp\/v2\/types\/post"}],"author":[{"embeddable":true,"href":"http:\/\/desarrollo.grupomedios.com\/futbol\/wp-json\/wp\/v2\/users\/129"}],"replies":[{"embeddable":true,"href":"http:\/\/desarrollo.grupomedios.com\/futbol\/wp-json\/wp\/v2\/comments?post=519612"}],"version-history":[{"count":1,"href":"http:\/\/desarrollo.grupomedios.com\/futbol\/wp-json\/wp\/v2\/posts\/519612\/revisions"}],"predecessor-version":[{"id":519614,"href":"http:\/\/desarrollo.grupomedios.com\/futbol\/wp-json\/wp\/v2\/posts\/519612\/revisions\/519614"}],"wp:featuredmedia":[{"embeddable":true,"href":"http:\/\/desarrollo.grupomedios.com\/futbol\/wp-json\/wp\/v2\/media\/519613"}],"wp:attachment":[{"href":"http:\/\/desarrollo.grupomedios.com\/futbol\/wp-json\/wp\/v2\/media?parent=519612"}],"wp:term":[{"taxonomy":"category","embeddable":true,"href":"http:\/\/desarrollo.grupomedios.com\/futbol\/wp-json\/wp\/v2\/categories?post=519612"},{"taxonomy":"post_tag","embeddable":true,"href":"http:\/\/desarrollo.grupomedios.com\/futbol\/wp-json\/wp\/v2\/tags?post=519612"}],"curies":[{"name":"wp","href":"https:\/\/api.w.org\/{rel}","templated":true}]}}