{"id":519618,"date":"2018-03-05T08:34:30","date_gmt":"2018-03-05T14:34:30","guid":{"rendered":"https:\/\/www.futboltotal.com.mx\/?p=519618"},"modified":"2018-03-05T08:34:30","modified_gmt":"2018-03-05T14:34:30","slug":"en-psg-confian-en-derrotar-al-real-madrid","status":"publish","type":"post","link":"http:\/\/desarrollo.grupomedios.com\/futbol\/futbol-internacional\/en-psg-confian-en-derrotar-al-real-madrid\/2018\/03","title":{"rendered":"En el PSG conf\u00edan en derrotar al Real Madrid"},"content":{"rendered":"<p>El entrenador del <strong>Par\u00eds Saint-Germain<\/strong>, <strong>Unai Emery<\/strong>, asegur\u00f3 este lunes que se siente capaz de eliminar ma\u00f1ana al <strong>Real Madrid<\/strong> en octavos de final de la <strong>Champions League<\/strong> incluso aunque su rival pueda alinear al mejor plantel posible, con el alem\u00e1n <strong>Toni Kroos<\/strong> y el croata <strong>Luka Modric<\/strong>.<\/p>\n<p>&#8220;<mark>No nos importa qui\u00e9n juegue en el Madrid, lo importante somos nosotros, que seamos capaces de hacer nuestro juego. Me espero al mejor Madrid posible, con los mejores jugadores, pero creo que somos capaces de ganarles<\/mark>&#8220;, se\u00f1al\u00f3 el t\u00e9cnico espa\u00f1ol en referencia a las posibles bajas de Kroos y Modric.<\/p>\n<p>Emery reconoci\u00f3 que el partido es vital para el PSG porque &#8220;el club se ha marcado la Liga de Campeones como objetivo claro&#8221; y consider\u00f3 que vive &#8220;un momento \u00fanico para todos los aficionados, para toda Francia, para poder hacer un gran partido&#8221;.<\/p>\n<p style=\"text-align: center;\"><span style=\"color: #3366ff;\"><a href=\"https:\/\/www.futboltotal.com.mx\/futbol-internacional\/liga-de-espana\/las-fotos-demuestran-messi-mejor-del-mundo\/2018\/03\">VER M\u00c1S: Las fotos que demuestran por qu\u00e9 Messi es el mejor del Mundo<\/a><\/span><\/p>\n<p>En este sentido, consider\u00f3 normal la campa\u00f1a que ha puesto en marcha el club en las redes sociales para calentar el partido, asegur\u00f3 que responde al objetivo de buscar &#8220;la unidad con los aficionados&#8221; y dijo que se hace siempre.<\/p>\n<p>Para el entrenador, en este tipo de duelos es f\u00e1cil encontrar la motivaci\u00f3n de los jugadores, aunque asegur\u00f3 que se ganar\u00e1 &#8220;con el coraz\u00f3n y con la cabeza&#8221;, aunque indic\u00f3 que en una eliminatoria as\u00ed &#8220;es m\u00e1s importante el coraz\u00f3n&#8221;.<\/p>\n<p>&#8220;Por primera vez en la historia reciente del PSG en la Liga de Campeones un gran partido importante se juega la vuelta en casa. Vamos a trabajar, buscar que ese partido sea diferente para la historia reciente del PSG&#8221;, afirm\u00f3 el t\u00e9cnico de un equipo que ha sido apeado en las cinco \u00faltimas eliminatorias con la vuelta lejos de su estadio.<\/p>\n<p style=\"text-align: center;\"><span style=\"color: #3366ff;\"><a href=\"https:\/\/www.futboltotal.com.mx\/futbol-mexicano\/liga-mx\/epico-trolleo-del-puebla-ante-tigres-rayados\/2018\/03\">VER M\u00c1S: El \u00e9pico trolleo del Puebla ante Tigres y Rayados<\/a><\/span><\/p>\n<p>Emery lament\u00f3 la ausencia de <strong>Neymar<\/strong>, el futbolista m\u00e1s caro de la historia, pero asegur\u00f3 que &#8220;cuando falta un jugador se abre la puerta a otro&#8221; y se mostr\u00f3 convencido de que &#8220;el que entre lo har\u00e1 con toda la fuerza&#8221;.<\/p>\n<p>Expres\u00f3 toda su confianza en el argentino \u00c1ngel di Mar\u00eda, su previsible sustituto, del que dijo que aunque solo ha disputado 67 minutos este a\u00f1o en la Liga de Campeones, &#8220;est\u00e1 preparado, sabe lo que es esta competici\u00f3n, el alto nivel y quiere dar un paso adelante&#8221;.<\/p>\n<p>El t\u00e9cnico no desvel\u00f3 otras inc\u00f3gnitas, como qui\u00e9n jugar\u00e1 en el centro de la defensa -&#8220;los tres centrales (<strong>Thiago Silva<\/strong>, <strong>Marquinhos<\/strong> y <strong>Kimpembe<\/strong>) est\u00e1n dando un gran rendimiento&#8221;- o en el pivote del centro del campo -&#8220;tanto <strong>Diarra<\/strong> como <strong>Thiago Motta<\/strong> tienen la capacidad y la experiencia para jugar&#8221;-.<\/p>\n<p>Unay cuenta con toda la plantilla a su servicio con excepci\u00f3n de Neymar y dej\u00f3 claro que el franc\u00e9s <strong>Kylian Mbapp\u00e9<\/strong>, que sufri\u00f3 un duro golpe el pasado mi\u00e9rcoles en un tobillo, estar\u00e1 a su disposici\u00f3n. EFE<\/p>\n","protected":false},"excerpt":{"rendered":"<p>Los parisinos conf\u00edan en poder sacar el resultado.<\/p>\n","protected":false},"author":129,"featured_media":515572,"comment_status":"closed","ping_status":"closed","sticky":false,"template":"","format":"standard","meta":[],"categories":[3841,3839],"tags":[6214,6001,114,5988],"_links":{"self":[{"href":"http:\/\/desarrollo.grupomedios.com\/futbol\/wp-json\/wp\/v2\/posts\/519618"}],"collection":[{"href":"http:\/\/desarrollo.grupomedios.com\/futbol\/wp-json\/wp\/v2\/posts"}],"about":[{"href":"http:\/\/desarrollo.grupomedios.com\/futbol\/wp-json\/wp\/v2\/types\/post"}],"author":[{"embeddable":true,"href":"http:\/\/desarrollo.grupomedios.com\/futbol\/wp-json\/wp\/v2\/users\/129"}],"replies":[{"embeddable":true,"href":"http:\/\/desarrollo.grupomedios.com\/futbol\/wp-json\/wp\/v2\/comments?post=519618"}],"version-history":[{"count":1,"href":"http:\/\/desarrollo.grupomedios.com\/futbol\/wp-json\/wp\/v2\/posts\/519618\/revisions"}],"predecessor-version":[{"id":519619,"href":"http:\/\/desarrollo.grupomedios.com\/futbol\/wp-json\/wp\/v2\/posts\/519618\/revisions\/519619"}],"wp:featuredmedia":[{"embeddable":true,"href":"http:\/\/desarrollo.grupomedios.com\/futbol\/wp-json\/wp\/v2\/media\/515572"}],"wp:attachment":[{"href":"http:\/\/desarrollo.grupomedios.com\/futbol\/wp-json\/wp\/v2\/media?parent=519618"}],"wp:term":[{"taxonomy":"category","embeddable":true,"href":"http:\/\/desarrollo.grupomedios.com\/futbol\/wp-json\/wp\/v2\/categories?post=519618"},{"taxonomy":"post_tag","embeddable":true,"href":"http:\/\/desarrollo.grupomedios.com\/futbol\/wp-json\/wp\/v2\/tags?post=519618"}],"curies":[{"name":"wp","href":"https:\/\/api.w.org\/{rel}","templated":true}]}}