{"id":519624,"date":"2018-03-05T09:57:35","date_gmt":"2018-03-05T15:57:35","guid":{"rendered":"https:\/\/www.futboltotal.com.mx\/?p=519624"},"modified":"2018-03-05T09:57:35","modified_gmt":"2018-03-05T15:57:35","slug":"11-ideal-la-jornada-10-del-clausura-2018","status":"publish","type":"post","link":"http:\/\/desarrollo.grupomedios.com\/futbol\/destacado-home\/11-ideal-la-jornada-10-del-clausura-2018\/2018\/03","title":{"rendered":"El 11 Ideal de la Jornada 10 del Clausura 2018"},"content":{"rendered":"<p>Se jug\u00f3 la\u00a0<strong>Jornada 10 del Clausura 2018 de la Liga MX<\/strong>, y el fin de semana dej\u00f3 grandes partidos, donde algunos futbolistas dejaron todo para el triunfo de sus equipos.<\/p>\n<p>En la porter\u00eda, el portero del Quer\u00e9taro, Tiago Volpi, se convirti\u00f3 en una muralla ante Cruz Azul y fue fundamental para que triunfaran como visitantes; mientras que en la defensa, Luis Venegas del Puebla y Dami\u00e1n P\u00e9rez de Xolos, tuvieron un gran ataque con sus incorporaciones al frente.<\/p>\n<p style=\"text-align: center;\"><span style=\"color: #3366ff;\"><a href=\"https:\/\/www.futboltotal.com.mx\/futbol-mexicano\/liga-mx\/los-memes-del-clasico-acaparan-la-jornada-10-del-clausura-2018\/2018\/03\">VER M\u00c1S: Los memes del Cl\u00e1sico acaparan la Jornada 10 del Clausura 2018<\/a><\/span><\/p>\n<p>En el mediocampo,<strong>Rubens Sambueza<\/strong> de <strong>Toluca<\/strong> se encarg\u00f3 de generar todo el futbol de los <strong>Diablos Rojos<\/strong> al igual que <strong>El\u00edas Hern\u00e1ndez<\/strong> con Le\u00f3n, quien colabor\u00f3 con una anotaci\u00f3n.<\/p>\n<p>Pero no te contamos m\u00e1s sobre estos jugadores y aqu\u00ed en\u00a0<strong>Futbol Total<\/strong>\u00a0te dejamos:\u00a0<strong>El 11 Ideal de la Jornada 10 del Clausura 2018<\/strong>.<\/p>\n<div><img decoding=\"async\" loading=\"lazy\" class=\"size-full wp-image-519625 aligncenter\" src=\"https:\/\/www.futboltotal.com.mx\/wp-content\/uploads\/2018\/03\/11-idela-jornada-10-clausura-2018.jpg\" alt=\"El 11 Ideal de la Jornada 10 del Clausura 2018 0\" srcset=\"http:\/\/desarrollo.grupomedios.com\/futbol\/wp-content\/uploads\/2018\/03\/11-idela-jornada-10-clausura-2018.jpg 858w, http:\/\/desarrollo.grupomedios.com\/futbol\/wp-content\/uploads\/2018\/03\/11-idela-jornada-10-clausura-2018-229x300.jpg 229w, http:\/\/desarrollo.grupomedios.com\/futbol\/wp-content\/uploads\/2018\/03\/11-idela-jornada-10-clausura-2018-768x1005.jpg 768w, http:\/\/desarrollo.grupomedios.com\/futbol\/wp-content\/uploads\/2018\/03\/11-idela-jornada-10-clausura-2018-782x1024.jpg 782w\" sizes=\"(max-width: 858px) 100vw, 858px\" \/><\/div>\n","protected":false},"excerpt":{"rendered":"<p>Mira qui\u00e9nes fueron los m\u00e1s destacados del fin de semana.<\/p>\n","protected":false},"author":129,"featured_media":519626,"comment_status":"closed","ping_status":"closed","sticky":false,"template":"","format":"standard","meta":[],"categories":[5,2198,3845],"tags":[3883,5965,64,784,5969,5970,5975],"_links":{"self":[{"href":"http:\/\/desarrollo.grupomedios.com\/futbol\/wp-json\/wp\/v2\/posts\/519624"}],"collection":[{"href":"http:\/\/desarrollo.grupomedios.com\/futbol\/wp-json\/wp\/v2\/posts"}],"about":[{"href":"http:\/\/desarrollo.grupomedios.com\/futbol\/wp-json\/wp\/v2\/types\/post"}],"author":[{"embeddable":true,"href":"http:\/\/desarrollo.grupomedios.com\/futbol\/wp-json\/wp\/v2\/users\/129"}],"replies":[{"embeddable":true,"href":"http:\/\/desarrollo.grupomedios.com\/futbol\/wp-json\/wp\/v2\/comments?post=519624"}],"version-history":[{"count":2,"href":"http:\/\/desarrollo.grupomedios.com\/futbol\/wp-json\/wp\/v2\/posts\/519624\/revisions"}],"predecessor-version":[{"id":519636,"href":"http:\/\/desarrollo.grupomedios.com\/futbol\/wp-json\/wp\/v2\/posts\/519624\/revisions\/519636"}],"wp:featuredmedia":[{"embeddable":true,"href":"http:\/\/desarrollo.grupomedios.com\/futbol\/wp-json\/wp\/v2\/media\/519626"}],"wp:attachment":[{"href":"http:\/\/desarrollo.grupomedios.com\/futbol\/wp-json\/wp\/v2\/media?parent=519624"}],"wp:term":[{"taxonomy":"category","embeddable":true,"href":"http:\/\/desarrollo.grupomedios.com\/futbol\/wp-json\/wp\/v2\/categories?post=519624"},{"taxonomy":"post_tag","embeddable":true,"href":"http:\/\/desarrollo.grupomedios.com\/futbol\/wp-json\/wp\/v2\/tags?post=519624"}],"curies":[{"name":"wp","href":"https:\/\/api.w.org\/{rel}","templated":true}]}}