{"id":519628,"date":"2018-03-05T10:24:32","date_gmt":"2018-03-05T16:24:32","guid":{"rendered":"https:\/\/www.futboltotal.com.mx\/?p=519628"},"modified":"2018-03-05T10:24:32","modified_gmt":"2018-03-05T16:24:32","slug":"jeremy-menez-comparo-a-miguel-herrera-carlo-ancelotti","status":"publish","type":"post","link":"http:\/\/desarrollo.grupomedios.com\/futbol\/destacado-home\/jeremy-menez-comparo-a-miguel-herrera-carlo-ancelotti\/2018\/03","title":{"rendered":"J\u00e9r\u00e9my M\u00e9nez compar\u00f3 a Miguel Herrera con&#8230; \u00a1Carlo Ancelotti!"},"content":{"rendered":"<p>A pesar de que se especulaba que tuvo cierta molestia por salir de cambio en el <strong>Cl\u00e1sico<\/strong> y no darle la mano a <strong>Miguel Herrera,<\/strong> el atacante franc\u00e9s <strong>J\u00e9r\u00e9my M\u00e9nez<\/strong> ha se\u00f1alado tener una buena relaci\u00f3n con <strong>el Piojo<\/strong> y hasta lo compar\u00f3 con <strong>Carlo Ancelotti<\/strong>, quien lo dirigi\u00f3 en el <strong>PSG<\/strong>.<\/p>\n<p>\u201c<mark>Simplemente me gusta estar en el campo, pero me llevo muy bien con mi entrenador (Miguel Herrera) que me hace pensar en <strong>Carlo Ancelotti<\/strong>, alguien muy humano<\/mark>\u201d, dijo a AFP.<\/p>\n<p style=\"text-align: center;\"><span style=\"color: #3366ff;\"><a href=\"https:\/\/www.futboltotal.com.mx\/futbol-mexicano\/liga-mx\/epico-trolleo-del-puebla-ante-tigres-rayados\/2018\/03\">VER M\u00c1S: El \u00e9pico trolleo del Puebla ante Tigres y Rayados<\/a><\/span><\/p>\n<p><img decoding=\"async\" loading=\"lazy\" class=\"alignnone size-full wp-image-519629\" src=\"https:\/\/www.futboltotal.com.mx\/wp-content\/uploads\/2018\/03\/jeremy-menez-america.jpg\" alt=\"J\u00e9r\u00e9my M\u00e9nez compar\u00f3 a Miguel Herrera con&#8230; \u00a1Carlo Ancelotti! 0\" srcset=\"http:\/\/desarrollo.grupomedios.com\/futbol\/wp-content\/uploads\/2018\/03\/jeremy-menez-america.jpg 1136w, http:\/\/desarrollo.grupomedios.com\/futbol\/wp-content\/uploads\/2018\/03\/jeremy-menez-america-300x169.jpg 300w, http:\/\/desarrollo.grupomedios.com\/futbol\/wp-content\/uploads\/2018\/03\/jeremy-menez-america-768x432.jpg 768w, http:\/\/desarrollo.grupomedios.com\/futbol\/wp-content\/uploads\/2018\/03\/jeremy-menez-america-1024x576.jpg 1024w, http:\/\/desarrollo.grupomedios.com\/futbol\/wp-content\/uploads\/2018\/03\/jeremy-menez-america-393x221.jpg 393w\" sizes=\"(max-width: 1136px) 100vw, 1136px\" \/><\/p>\n<p>M\u00e9nez se vio muy activo en el duelo ante <strong>Chivas<\/strong> con jugadas claras e incluso oportunidades de gol, eso fue lo que le molest\u00f3 a su salida del partido por cambio al minuto 80.<\/p>\n<p>&#8220;Estoy un poco decepcionado porque me perd\u00ed un par de oportunidades que nos permitan aprovechar&#8221;, coment\u00f3.<\/p>\n","protected":false},"excerpt":{"rendered":"<p>El franc\u00e9s compar\u00f3 al entrenador mexicano con la leyenda italiana.<\/p>\n","protected":false},"author":129,"featured_media":519631,"comment_status":"closed","ping_status":"closed","sticky":false,"template":"","format":"standard","meta":[],"categories":[5,2198,3845],"tags":[5959,3883,7303,64,255],"_links":{"self":[{"href":"http:\/\/desarrollo.grupomedios.com\/futbol\/wp-json\/wp\/v2\/posts\/519628"}],"collection":[{"href":"http:\/\/desarrollo.grupomedios.com\/futbol\/wp-json\/wp\/v2\/posts"}],"about":[{"href":"http:\/\/desarrollo.grupomedios.com\/futbol\/wp-json\/wp\/v2\/types\/post"}],"author":[{"embeddable":true,"href":"http:\/\/desarrollo.grupomedios.com\/futbol\/wp-json\/wp\/v2\/users\/129"}],"replies":[{"embeddable":true,"href":"http:\/\/desarrollo.grupomedios.com\/futbol\/wp-json\/wp\/v2\/comments?post=519628"}],"version-history":[{"count":1,"href":"http:\/\/desarrollo.grupomedios.com\/futbol\/wp-json\/wp\/v2\/posts\/519628\/revisions"}],"predecessor-version":[{"id":519632,"href":"http:\/\/desarrollo.grupomedios.com\/futbol\/wp-json\/wp\/v2\/posts\/519628\/revisions\/519632"}],"wp:featuredmedia":[{"embeddable":true,"href":"http:\/\/desarrollo.grupomedios.com\/futbol\/wp-json\/wp\/v2\/media\/519631"}],"wp:attachment":[{"href":"http:\/\/desarrollo.grupomedios.com\/futbol\/wp-json\/wp\/v2\/media?parent=519628"}],"wp:term":[{"taxonomy":"category","embeddable":true,"href":"http:\/\/desarrollo.grupomedios.com\/futbol\/wp-json\/wp\/v2\/categories?post=519628"},{"taxonomy":"post_tag","embeddable":true,"href":"http:\/\/desarrollo.grupomedios.com\/futbol\/wp-json\/wp\/v2\/tags?post=519628"}],"curies":[{"name":"wp","href":"https:\/\/api.w.org\/{rel}","templated":true}]}}