{"id":519642,"date":"2018-03-05T12:36:03","date_gmt":"2018-03-05T18:36:03","guid":{"rendered":"https:\/\/www.futboltotal.com.mx\/?p=519642"},"modified":"2018-03-05T13:45:01","modified_gmt":"2018-03-05T19:45:01","slug":"checo-perez-presumio-fotos-sus-amigos-del-fc-barcelona","status":"publish","type":"post","link":"http:\/\/desarrollo.grupomedios.com\/futbol\/no-todo-es-futbol\/checo-perez-presumio-fotos-sus-amigos-del-fc-barcelona\/2018\/03","title":{"rendered":"Checo P\u00e9rez presumi\u00f3 fotos con sus amigos del FC Barcelona"},"content":{"rendered":"<p>El piloto mexicano de <strong>F\u00f3rmula Uno<\/strong>, <strong>Sergio P\u00e9rez<\/strong>, aprovech\u00f3 su visita a Barcelona para hacer las previas al arranque de la campa\u00f1a 2018 del automovilismo y de paso vio el encuentro entre el <strong>Barcelona<\/strong> y <strong>Atl\u00e9tico de Madrid<\/strong>.<\/p>\n<p>Fue a trav\u00e9s de redes sociales donde el club <strong>Blaugrana<\/strong> presumi\u00f3 la visita del p\u00edloto mexicano al <strong>Camp Nou<\/strong>, donde tambi\u00e9n estuvo el motociclista <strong>Marc M\u00e1rquez<\/strong> y convivieron con los jugadores de la primer plantilla como <strong>Sergi Roberto<\/strong>, <strong>Jordi Alba<\/strong> y <strong>Gerard Piqu\u00e9<\/strong>.<\/p>\n<p style=\"text-align: center;\"><span style=\"color: #3366ff;\"><a href=\"https:\/\/www.futboltotal.com.mx\/futbol-internacional\/mls-futbol-internacional\/carlos-vela-dio-asistencia-primer-triunfo-en-la-historia-los-angeles-fc\/2018\/03\">VER M\u00c1S: Vela dio asistencia para primer triunfo en la historia de Los Angeles FC<\/a><\/span><\/p>\n<p>https:\/\/twitter.com\/FCBarcelona\/status\/970650241061048320<\/p>\n<p>No es la primera vez que <strong>Checo P\u00e9rez<\/strong> demuestra su pasi\u00f3n por el futbol, pues tambi\u00e9n se le ha visto en varias ocasiones apoyando al <strong>Am\u00e9rica<\/strong>, club del que es seguidor en la <strong>Liga MX<\/strong> .<\/p>\n<blockquote class=\"twitter-tweet\" data-width=\"500\">\n<p lang=\"en\" dir=\"ltr\">The Chilean legend, who played for Checo\u2019s favourite club, inspired him to choose #11 for his F1 career! <a href=\"https:\/\/twitter.com\/hashtag\/MexicoGP?src=hash&amp;ref_src=twsrc%5Etfw\">#MexicoGP<\/a> <a href=\"https:\/\/t.co\/7SM48f6FjB\">pic.twitter.com\/7SM48f6FjB<\/a><\/p>\n<p>&mdash; Sahara Force India (@ForceIndiaF1) <a href=\"https:\/\/twitter.com\/ForceIndiaF1\/status\/923624281925398529?ref_src=twsrc%5Etfw\">October 26, 2017<\/a><\/p><\/blockquote>\n<p><script async src=\"https:\/\/platform.twitter.com\/widgets.js\" charset=\"utf-8\"><\/script><\/p>\n<p>El piloto de <strong>Force India<\/strong> se entren\u00f3 en el\u00a0<strong>Circuit de Catalunya en Montmel\u00f3<\/strong>, <strong>Espa\u00f1a<\/strong> como parte de su preparaci\u00f3n para la temporada 2018 de la <strong>Formula 1<\/strong>, la cual arrancar\u00e1 el pr\u00f3ximo 25 de marzo en <strong>Melbourne,<\/strong> <strong>Australia<\/strong>.<\/p>\n","protected":false},"excerpt":{"rendered":"<p>El piloto mexicano estuvo presente viendo el duelo entre Blaugranas y Colchoneros.<\/p>\n","protected":false},"author":129,"featured_media":519643,"comment_status":"closed","ping_status":"closed","sticky":false,"template":"","format":"standard","meta":[],"categories":[5810,5419,5418,6411],"tags":[5480,1083,6214,6114],"_links":{"self":[{"href":"http:\/\/desarrollo.grupomedios.com\/futbol\/wp-json\/wp\/v2\/posts\/519642"}],"collection":[{"href":"http:\/\/desarrollo.grupomedios.com\/futbol\/wp-json\/wp\/v2\/posts"}],"about":[{"href":"http:\/\/desarrollo.grupomedios.com\/futbol\/wp-json\/wp\/v2\/types\/post"}],"author":[{"embeddable":true,"href":"http:\/\/desarrollo.grupomedios.com\/futbol\/wp-json\/wp\/v2\/users\/129"}],"replies":[{"embeddable":true,"href":"http:\/\/desarrollo.grupomedios.com\/futbol\/wp-json\/wp\/v2\/comments?post=519642"}],"version-history":[{"count":3,"href":"http:\/\/desarrollo.grupomedios.com\/futbol\/wp-json\/wp\/v2\/posts\/519642\/revisions"}],"predecessor-version":[{"id":519673,"href":"http:\/\/desarrollo.grupomedios.com\/futbol\/wp-json\/wp\/v2\/posts\/519642\/revisions\/519673"}],"wp:featuredmedia":[{"embeddable":true,"href":"http:\/\/desarrollo.grupomedios.com\/futbol\/wp-json\/wp\/v2\/media\/519643"}],"wp:attachment":[{"href":"http:\/\/desarrollo.grupomedios.com\/futbol\/wp-json\/wp\/v2\/media?parent=519642"}],"wp:term":[{"taxonomy":"category","embeddable":true,"href":"http:\/\/desarrollo.grupomedios.com\/futbol\/wp-json\/wp\/v2\/categories?post=519642"},{"taxonomy":"post_tag","embeddable":true,"href":"http:\/\/desarrollo.grupomedios.com\/futbol\/wp-json\/wp\/v2\/tags?post=519642"}],"curies":[{"name":"wp","href":"https:\/\/api.w.org\/{rel}","templated":true}]}}