{"id":519651,"date":"2018-03-05T13:48:50","date_gmt":"2018-03-05T19:48:50","guid":{"rendered":"https:\/\/www.futboltotal.com.mx\/?p=519651"},"modified":"2018-03-05T16:46:58","modified_gmt":"2018-03-05T22:46:58","slug":"eiza-gonzalez-su-vestido-amarillo-y-los-memes-futbolisticos","status":"publish","type":"post","link":"http:\/\/desarrollo.grupomedios.com\/futbol\/especial-ft\/eiza-gonzalez-su-vestido-amarillo-y-los-memes-futbolisticos\/2018\/03","title":{"rendered":"Eiza Gonz\u00e1lez, su vestido amarillo y los memes futbol\u00edsticos"},"content":{"rendered":"<p>Los aficionados al futbol no se quedaron atr\u00e1s con la creaci\u00f3n de <strong>memes<\/strong> entorno al <strong>vestido amarillo<\/strong> usado por la actriz mexicana <strong>Eiza Gonz\u00e1lez<\/strong>, durante la ceremonia de los <strong>Premios Oscar.<\/strong><\/p>\n<p>Para la gala, <strong>Eiza Gonz\u00e1lez<\/strong> port\u00f3 un vestido amarillo de la firma<strong> Ralph Lauren<\/strong>, que resaltaba su esbelta figura. Sin embargo, los usuarios de redes sociales aprovecharon el color amarillo de la prenda para ponerle escudos y marcas relacionados con ese tono. De hecho, los primeros en treparse al tren del mame, a trav\u00e9s de su cuenta de Twitter,\u00a0 fue el <strong>Club Monarcas Morelia,<\/strong> donde felicitaron a la actriz por su gran elecci\u00f3n.<\/p>\n<blockquote class=\"twitter-tweet\" data-lang=\"en\">\n<p dir=\"ltr\" lang=\"es\">No podr\u00edas haber escogido mejor vestido de gala para los <a href=\"https:\/\/twitter.com\/hashtag\/Oscars?src=hash&amp;ref_src=twsrc%5Etfw\">#Oscars<\/a> \u2764\ufe0f&#x1f49b; <a href=\"https:\/\/t.co\/UrycUaxKc3\">pic.twitter.com\/UrycUaxKc3<\/a><\/p>\n<p>\u2014 Monarcas Morelia (@FuerzaMonarca) <a href=\"https:\/\/twitter.com\/FuerzaMonarca\/status\/970500854817132544?ref_src=twsrc%5Etfw\">March 5, 2018<\/a><\/p><\/blockquote>\n<p><script async src=\"https:\/\/platform.twitter.com\/widgets.js\" charset=\"utf-8\"><\/script><\/p>\n<p><strong>Eiza Gonz\u00e1lez<\/strong> estuvo acompa\u00f1ada de <strong>Ansel Elgor<\/strong>, su compa\u00f1ero en\u00a0<strong>\u201cBaby Driver\u201d<\/strong>, se encargaron de entregar el Oscar en las categor\u00edas de\u00a0<strong>Mejor edici\u00f3n de sonido y Mejor mezcla de sonido<\/strong>.<\/p>\n<div id=\"galleryuzh\" style=\"display:none;\"><img alt=\"\" src=\"http:\/\/desarrollo.grupomedios.com\/futbol\/wp-content\/uploads\/2018\/03\/eiza-gonzales-memes-oscares.jpg\" data-image=\"http:\/\/desarrollo.grupomedios.com\/futbol\/wp-content\/uploads\/2018\/03\/eiza-gonzales-memes-oscares.jpg\" data-description=\"eiza gonzales memes oscares\"><img alt=\"\" src=\"http:\/\/desarrollo.grupomedios.com\/futbol\/wp-content\/uploads\/2018\/03\/eiza-memes-oscares.jpg\" data-image=\"http:\/\/desarrollo.grupomedios.com\/futbol\/wp-content\/uploads\/2018\/03\/eiza-memes-oscares.jpg\" data-description=\"eiza memes oscares\"><img alt=\"\" src=\"http:\/\/desarrollo.grupomedios.com\/futbol\/wp-content\/uploads\/2018\/03\/meme-eiza-gonzalez-caliente-oscares.jpg\" data-image=\"http:\/\/desarrollo.grupomedios.com\/futbol\/wp-content\/uploads\/2018\/03\/meme-eiza-gonzalez-caliente-oscares.jpg\" data-description=\"meme-eiza-gonzalez-caliente-oscares\"><img alt=\"\" src=\"http:\/\/desarrollo.grupomedios.com\/futbol\/wp-content\/uploads\/2018\/03\/meme-eiza-gonzalez-chocolate-abuelita-osacres.jpg\" data-image=\"http:\/\/desarrollo.grupomedios.com\/futbol\/wp-content\/uploads\/2018\/03\/meme-eiza-gonzalez-chocolate-abuelita-osacres.jpg\" data-description=\"meme-eiza-gonzalez-chocolate-abuelita-osacres\"><img alt=\"\" src=\"http:\/\/desarrollo.grupomedios.com\/futbol\/wp-content\/uploads\/2018\/03\/meme-eiza-gonzalez-chupachups-oscares.jpg\" data-image=\"http:\/\/desarrollo.grupomedios.com\/futbol\/wp-content\/uploads\/2018\/03\/meme-eiza-gonzalez-chupachups-oscares.jpg\" data-description=\"meme-eiza-gonzalez-chupachups-oscares\"><img alt=\"\" src=\"http:\/\/desarrollo.grupomedios.com\/futbol\/wp-content\/uploads\/2018\/03\/meme-eiza-gonzalez-gandhi-oscares.jpg\" data-image=\"http:\/\/desarrollo.grupomedios.com\/futbol\/wp-content\/uploads\/2018\/03\/meme-eiza-gonzalez-gandhi-oscares.jpg\" data-description=\"meme-eiza-gonzalez-gandhi-oscares\"><img alt=\"\" src=\"http:\/\/desarrollo.grupomedios.com\/futbol\/wp-content\/uploads\/2018\/03\/meme-eiza-gonzalez-minions-oscares.jpg\" data-image=\"http:\/\/desarrollo.grupomedios.com\/futbol\/wp-content\/uploads\/2018\/03\/meme-eiza-gonzalez-minions-oscares.jpg\" data-description=\"meme-eiza-gonzalez-minions-oscares\"><img alt=\"\" src=\"http:\/\/desarrollo.grupomedios.com\/futbol\/wp-content\/uploads\/2018\/03\/meme-eiza-gonzalez-oscares-pajarapegy.jpg\" data-image=\"http:\/\/desarrollo.grupomedios.com\/futbol\/wp-content\/uploads\/2018\/03\/meme-eiza-gonzalez-oscares-pajarapegy.jpg\" data-description=\"meme-eiza-gonzalez-oscares-pajarapegy\"><img alt=\"\" src=\"http:\/\/desarrollo.grupomedios.com\/futbol\/wp-content\/uploads\/2018\/03\/meme-eiza-gonzalez-sabritas-oscares.jpg\" data-image=\"http:\/\/desarrollo.grupomedios.com\/futbol\/wp-content\/uploads\/2018\/03\/meme-eiza-gonzalez-sabritas-oscares.jpg\" data-description=\"meme-eiza-gonzalez-sabritas-oscares\"><img alt=\"\" src=\"http:\/\/desarrollo.grupomedios.com\/futbol\/wp-content\/uploads\/2018\/03\/meme-eiza-gonzalez-teleton-oscares.jpg\" data-image=\"http:\/\/desarrollo.grupomedios.com\/futbol\/wp-content\/uploads\/2018\/03\/meme-eiza-gonzalez-teleton-oscares.jpg\" data-description=\"meme-eiza-gonzalez-teleton-oscares\"><img alt=\"\" src=\"http:\/\/desarrollo.grupomedios.com\/futbol\/wp-content\/uploads\/2018\/03\/meme-eiza-gonzalez-uhu-oscares.jpg\" data-image=\"http:\/\/desarrollo.grupomedios.com\/futbol\/wp-content\/uploads\/2018\/03\/meme-eiza-gonzalez-uhu-oscares.jpg\" data-description=\"meme-eiza-gonzalez-uhu-oscares\"><img alt=\"\" src=\"http:\/\/desarrollo.grupomedios.com\/futbol\/wp-content\/uploads\/2018\/03\/memes-eiza-gonzalez-america-oscares.jpg\" data-image=\"http:\/\/desarrollo.grupomedios.com\/futbol\/wp-content\/uploads\/2018\/03\/memes-eiza-gonzalez-america-oscares.jpg\" data-description=\"memes-eiza-gonzalez-america-oscares\"><\/div>\n        <script>\n        \/\/galeria 1\n        jQuery(document).ready(function(){ \n            var api;\n            api = jQuery(\"#galleryuzh\").unitegallery({\n                carousel_autoplay: false\n            }); \n        });\n        <\/script>\n        \n<p>&nbsp;<\/p>\n<p>Desde la imagen de Telet\u00f3n, pasando por Gandhi, UHU y hasta el Chocolate Abuelita, el <strong>vestido amarillo<\/strong> de <strong>Eiza Gonz\u00e1lez<\/strong> fue blanco de la creatividad mexicana, cuando de <strong>memes<\/strong> se trata.<\/p>\n<p>Esta ceremonia de los <strong>premios Oscar<\/strong> estuvo invadida por presencia mexicana, destacando la condecoraci\u00f3n de <strong>Guillermo del Toro<\/strong> como mejor director y cerrando con boche de oro al entregarle la estatuilla de mejor pel\u00edcula por <strong>Shape of Water<\/strong>.<\/p>\n<p>De igual forma, durante la ceremonia pudimos ver la participaci\u00f3n de <strong>Gael Garc\u00eda<\/strong> junto a <strong>Natalia Lafourcade<\/strong>, interpretando la canci\u00f3n de <strong>Coco<\/strong>, pel\u00edcula de <strong>Pixar<\/strong> que se llev\u00f3 el Oscar por mejor pel\u00edcula animada.<\/p>\n<p>&nbsp;<\/p>\n","protected":false},"excerpt":{"rendered":"<p>Disfruta de los mejores memes futbol\u00edsticos de Eiza Gonz\u00e1lez y su vestido amarillo, durante la ceremonia de los premios Oscar.<\/p>\n","protected":false},"author":164,"featured_media":519659,"comment_status":"closed","ping_status":"closed","sticky":false,"template":"","format":"standard","meta":[],"categories":[7570],"tags":[4949],"_links":{"self":[{"href":"http:\/\/desarrollo.grupomedios.com\/futbol\/wp-json\/wp\/v2\/posts\/519651"}],"collection":[{"href":"http:\/\/desarrollo.grupomedios.com\/futbol\/wp-json\/wp\/v2\/posts"}],"about":[{"href":"http:\/\/desarrollo.grupomedios.com\/futbol\/wp-json\/wp\/v2\/types\/post"}],"author":[{"embeddable":true,"href":"http:\/\/desarrollo.grupomedios.com\/futbol\/wp-json\/wp\/v2\/users\/164"}],"replies":[{"embeddable":true,"href":"http:\/\/desarrollo.grupomedios.com\/futbol\/wp-json\/wp\/v2\/comments?post=519651"}],"version-history":[{"count":4,"href":"http:\/\/desarrollo.grupomedios.com\/futbol\/wp-json\/wp\/v2\/posts\/519651\/revisions"}],"predecessor-version":[{"id":519686,"href":"http:\/\/desarrollo.grupomedios.com\/futbol\/wp-json\/wp\/v2\/posts\/519651\/revisions\/519686"}],"wp:featuredmedia":[{"embeddable":true,"href":"http:\/\/desarrollo.grupomedios.com\/futbol\/wp-json\/wp\/v2\/media\/519659"}],"wp:attachment":[{"href":"http:\/\/desarrollo.grupomedios.com\/futbol\/wp-json\/wp\/v2\/media?parent=519651"}],"wp:term":[{"taxonomy":"category","embeddable":true,"href":"http:\/\/desarrollo.grupomedios.com\/futbol\/wp-json\/wp\/v2\/categories?post=519651"},{"taxonomy":"post_tag","embeddable":true,"href":"http:\/\/desarrollo.grupomedios.com\/futbol\/wp-json\/wp\/v2\/tags?post=519651"}],"curies":[{"name":"wp","href":"https:\/\/api.w.org\/{rel}","templated":true}]}}