{"id":519654,"date":"2018-03-05T13:29:38","date_gmt":"2018-03-05T19:29:38","guid":{"rendered":"https:\/\/www.futboltotal.com.mx\/?p=519654"},"modified":"2018-03-05T13:29:38","modified_gmt":"2018-03-05T19:29:38","slug":"iker-casillas-volveria-a-espana-jugaria-mexicano","status":"publish","type":"post","link":"http:\/\/desarrollo.grupomedios.com\/futbol\/futbol-internacional\/iker-casillas-volveria-a-espana-jugaria-mexicano\/2018\/03","title":{"rendered":"Iker Casillas volver\u00eda a Espa\u00f1a y jugar\u00eda con otro mexicano"},"content":{"rendered":"<p>Hace unos d\u00edas se anunci\u00f3 que el <strong>Porto<\/strong> dar\u00e1 salida a <strong>Iker Casillas<\/strong> cuando termine la temporada 2017-18 de la <strong>Liga de Portugal<\/strong>, por lo que el portero espa\u00f1ol volver\u00eda a Espa\u00f1a y uno de los mexicanos ser\u00eda su compa\u00f1ero.<\/p>\n<p>Y es que el <strong>Real Betis<\/strong>\u00a0donde milita <strong>Andr\u00e9s Guardado<\/strong>, estar\u00eda interesado en los servicios del portero de 36 a\u00f1os y buscar\u00edan cerrar un acuerdo para que se convierta en el nuevo portero de la instituci\u00f3n y compa\u00f1ero de otro mexicano.<\/p>\n<p style=\"text-align: center;\"><span style=\"color: #3366ff;\"><a href=\"https:\/\/www.futboltotal.com.mx\/no-todo-es-futbol\/autos\/checo-perez-presumio-fotos-sus-amigos-del-fc-barcelona\/2018\/03\">VER M\u00c1S: Checo P\u00e9rez presumi\u00f3 fotos con sus amigos del FC Barcelona<\/a><\/span><\/p>\n<p>Iker estar\u00eda encantando de volver a <strong>Espa\u00f1a<\/strong> pero su llegada al Betis no ser\u00eda f\u00e1cil, pues el veterano portero tambi\u00e9n tiene varias ofertas de clubes europeos e incluso algunas millonarisa de la <strong>MLS.<\/strong><\/p>\n<p>La \u00faltima vez que el ex portero del <strong>Real Madrid<\/strong> jug\u00f3 en Espa\u00f1a fue en 2015 para despu\u00e9s salir rumbo a Portugal, donde el Porto le ofreci\u00f3 su primera experiencia en una liga fuera de su pa\u00eds.<\/p>\n<p>\u00bfTe gustar\u00eda ver a Andr\u00e9s Guardado e Iker Casillas en el Betis?<\/p>\n","protected":false},"excerpt":{"rendered":"<p>El ex arquero del Real Madrid volver\u00eda a Espa\u00f1a.<\/p>\n","protected":false},"author":129,"featured_media":512246,"comment_status":"closed","ping_status":"closed","sticky":false,"template":"","format":"standard","meta":[],"categories":[3839,3844],"tags":[6046,6019,1208,1192,5988],"_links":{"self":[{"href":"http:\/\/desarrollo.grupomedios.com\/futbol\/wp-json\/wp\/v2\/posts\/519654"}],"collection":[{"href":"http:\/\/desarrollo.grupomedios.com\/futbol\/wp-json\/wp\/v2\/posts"}],"about":[{"href":"http:\/\/desarrollo.grupomedios.com\/futbol\/wp-json\/wp\/v2\/types\/post"}],"author":[{"embeddable":true,"href":"http:\/\/desarrollo.grupomedios.com\/futbol\/wp-json\/wp\/v2\/users\/129"}],"replies":[{"embeddable":true,"href":"http:\/\/desarrollo.grupomedios.com\/futbol\/wp-json\/wp\/v2\/comments?post=519654"}],"version-history":[{"count":1,"href":"http:\/\/desarrollo.grupomedios.com\/futbol\/wp-json\/wp\/v2\/posts\/519654\/revisions"}],"predecessor-version":[{"id":519658,"href":"http:\/\/desarrollo.grupomedios.com\/futbol\/wp-json\/wp\/v2\/posts\/519654\/revisions\/519658"}],"wp:featuredmedia":[{"embeddable":true,"href":"http:\/\/desarrollo.grupomedios.com\/futbol\/wp-json\/wp\/v2\/media\/512246"}],"wp:attachment":[{"href":"http:\/\/desarrollo.grupomedios.com\/futbol\/wp-json\/wp\/v2\/media?parent=519654"}],"wp:term":[{"taxonomy":"category","embeddable":true,"href":"http:\/\/desarrollo.grupomedios.com\/futbol\/wp-json\/wp\/v2\/categories?post=519654"},{"taxonomy":"post_tag","embeddable":true,"href":"http:\/\/desarrollo.grupomedios.com\/futbol\/wp-json\/wp\/v2\/tags?post=519654"}],"curies":[{"name":"wp","href":"https:\/\/api.w.org\/{rel}","templated":true}]}}