{"id":519657,"date":"2018-03-05T14:42:18","date_gmt":"2018-03-05T20:42:18","guid":{"rendered":"https:\/\/www.futboltotal.com.mx\/?p=519657"},"modified":"2018-03-05T14:45:12","modified_gmt":"2018-03-05T20:45:12","slug":"increible-gol-perdido-en-futbol-australiano","status":"publish","type":"post","link":"http:\/\/desarrollo.grupomedios.com\/futbol\/uncategorized\/increible-gol-perdido-en-futbol-australiano\/2018\/03","title":{"rendered":"El incre\u00edble gol perdido en el f\u00fatbol australiano"},"content":{"rendered":"<p><mark>Un jugador profesional, un arco completamente libre y un gol perdido.<\/mark><\/p>\n<p>No son muchos los arqueros que, cuando su equipo pierde por poco, van a cabecear en la \u00faltima jugada del partido; y de estos mismos, son muchos menos los que logran conectar el remate. En la liga profesional de <strong>Australia,<\/strong> el guardameta del <strong>Melbourne City<\/strong>\u00a0que era local en el cl\u00e1sico de la ciudad ante el <strong>Melbourne Victory,<\/strong> fue por el tanto hero\u00edco al m\u00e1s puro estilo del\u00a0<strong>Chuy Corona&#8230;<\/strong> pero no pudo. Es ah\u00ed cuando autom\u00e1ticamente surge el contragolpe del visitante, que sali\u00f3 con varios jugadores. <mark>El delantero <strong>James Troisi<\/strong>\u00a0se qued\u00f3 solo con el arco vacio<\/mark>\u00a0y encima, un compa\u00f1ero sin marca a quien d\u00e1rsela. Decidi\u00f3 rematar, <mark>pero su disparo se fue muy lejos del arco.<\/mark><\/p>\n<p style=\"text-align: center;\"><a href=\"https:\/\/www.futboltotal.com.mx\/futbol-mexicano\/seleccion-mexicana\/las-figuras-las-croacia-enfrentara-a-mexico\/2018\/03\">VER M\u00c1S: Las figuras con las que Croacia enfrentar\u00e1 a M\u00e9xico<\/a><\/p>\n<p>\u00a1Pobre <strong>Troisi<\/strong>! Podemos al menos decir que desperdiciar un contragolpe as\u00ed y terminar definiendo de la manera en que lo hizo, no result\u00f3 una tragedia para su equipo ya que el <strong>Victory<\/strong> se llev\u00f3 los tres puntos y suma as\u00ed 32 puntos. Con esto, queda en la cuarta ubicaci\u00f3n de la tabla y est\u00e1 una unidad m\u00e1s arriba de su ac\u00e9rrimo rival.<\/p>\n<p style=\"text-align: center;\"><a href=\"https:\/\/www.futboltotal.com.mx\/futbol-internacional\/los-600-goles-messi-en-detalle\/2018\/03\">VER M\u00c1S: Los 600 goles de Messi, en detalle<\/a><\/p>\n<p>Aqu\u00ed les dejamos el video de la jugada, en la que seguramente m\u00e1s de uno estar\u00e1 pensando: <strong><em><mark>&#8220;Esa yo la met\u00eda&#8221;.<\/mark>\u00a0<\/em><\/strong><\/p>\n<p><iframe loading=\"lazy\" src=\"https:\/\/www.youtube.com\/embed\/BvC9MOiqN1k?feature=oembed\" frameborder=\"0\" allow=\"autoplay; encrypted-media\" allowfullscreen><\/iframe><\/p>\n","protected":false},"excerpt":{"rendered":"<p>\u00a1No se puede creer esta falla! Checa el video. <\/p>\n","protected":false},"author":165,"featured_media":519681,"comment_status":"closed","ping_status":"closed","sticky":false,"template":"","format":"standard","meta":[],"categories":[3839,1],"tags":[636,3882,11985,11984,11987,11989,11988,11986],"_links":{"self":[{"href":"http:\/\/desarrollo.grupomedios.com\/futbol\/wp-json\/wp\/v2\/posts\/519657"}],"collection":[{"href":"http:\/\/desarrollo.grupomedios.com\/futbol\/wp-json\/wp\/v2\/posts"}],"about":[{"href":"http:\/\/desarrollo.grupomedios.com\/futbol\/wp-json\/wp\/v2\/types\/post"}],"author":[{"embeddable":true,"href":"http:\/\/desarrollo.grupomedios.com\/futbol\/wp-json\/wp\/v2\/users\/165"}],"replies":[{"embeddable":true,"href":"http:\/\/desarrollo.grupomedios.com\/futbol\/wp-json\/wp\/v2\/comments?post=519657"}],"version-history":[{"count":3,"href":"http:\/\/desarrollo.grupomedios.com\/futbol\/wp-json\/wp\/v2\/posts\/519657\/revisions"}],"predecessor-version":[{"id":519722,"href":"http:\/\/desarrollo.grupomedios.com\/futbol\/wp-json\/wp\/v2\/posts\/519657\/revisions\/519722"}],"wp:featuredmedia":[{"embeddable":true,"href":"http:\/\/desarrollo.grupomedios.com\/futbol\/wp-json\/wp\/v2\/media\/519681"}],"wp:attachment":[{"href":"http:\/\/desarrollo.grupomedios.com\/futbol\/wp-json\/wp\/v2\/media?parent=519657"}],"wp:term":[{"taxonomy":"category","embeddable":true,"href":"http:\/\/desarrollo.grupomedios.com\/futbol\/wp-json\/wp\/v2\/categories?post=519657"},{"taxonomy":"post_tag","embeddable":true,"href":"http:\/\/desarrollo.grupomedios.com\/futbol\/wp-json\/wp\/v2\/tags?post=519657"}],"curies":[{"name":"wp","href":"https:\/\/api.w.org\/{rel}","templated":true}]}}