{"id":519674,"date":"2018-03-05T14:09:52","date_gmt":"2018-03-05T20:09:52","guid":{"rendered":"https:\/\/www.futboltotal.com.mx\/?p=519674"},"modified":"2018-03-05T14:09:52","modified_gmt":"2018-03-05T20:09:52","slug":"las-figuras-las-croacia-enfrentara-a-mexico","status":"publish","type":"post","link":"http:\/\/desarrollo.grupomedios.com\/futbol\/destacado-home\/las-figuras-las-croacia-enfrentara-a-mexico\/2018\/03","title":{"rendered":"Las figuras con las que Croacia enfrentar\u00e1 a M\u00e9xico"},"content":{"rendered":"<p>Con la <strong>Fecha FIFA<\/strong> a unos d\u00edas de comenzar, la <strong>Selecci\u00f3n de Croacia<\/strong> ha anunciado a las figuras con las que enfrentar\u00e1 a <strong>M\u00e9xico<\/strong> en pr\u00f3ximo 27 de marzo en el partido amistoso que disputar\u00e1n en <strong>Estados Unidos<\/strong>.<\/p>\n<p>Entre los jugadores que destacan por parte del equipo europeo, se encuentran sus principales figuras <strong>Luka Modric<\/strong> e <strong>Ivan Rakitic<\/strong>, del <strong>Real Madrtid<\/strong> y <strong>Barcelona<\/strong>, respectivamente.<\/p>\n<p>Primero el equipo croata jugar\u00e1 ante <strong>Per\u00fa<\/strong> el d\u00eda 23 en <strong>Miami<\/strong> y cuatro d\u00edas m\u00e1s tarde estar\u00e1n enfrentando al <strong>TRI<\/strong> en el estadio de los <strong>Dallas Cowboys<\/strong> de la <strong>NFL.<\/strong><\/p>\n<p style=\"text-align: center;\"><span style=\"color: #3366ff;\"><a href=\"https:\/\/www.futboltotal.com.mx\/futbol-internacional\/liga-de-espana\/iker-casillas-volveria-a-espana-jugaria-mexicano\/2018\/03\">VER M\u00c1S; Iker Casillas volver\u00eda a Espa\u00f1a y jugar\u00eda con otro mexicano<\/a><\/span><\/p>\n<p>Adem\u00e1s de Modric y Rakitic, el entrenador\u00a0<strong>Zlatko Dalic<\/strong> tambi\u00e9n convoc\u00f3 a los delanteros que militan en la<strong> Serie A de Italia<\/strong>, pues <strong>Mario Mandzukic<\/strong> de la <strong>Juventus<\/strong> e <strong>Ivan Perisic<\/strong> del <strong>Inter de Milan<\/strong>, tambi\u00e9n est\u00e1n en la lista.<\/p>\n<p>&nbsp;<\/p>\n<blockquote class=\"twitter-tweet\" data-data-dnt=\"true\">\n<p lang=\"en\" dir=\"ltr\">\ud83c\udded\ud83c\uddf7<a href=\"https:\/\/twitter.com\/hashtag\/Croatia?src=hash&amp;ref_src=twsrc%5Etfw\">#Croatia<\/a> squad for \ud83c\uddf5\ud83c\uddea<a href=\"https:\/\/twitter.com\/SeleccionPeru?ref_src=twsrc%5Etfw\">@SeleccionPeru<\/a> (23 March, Miami) and \ud83c\uddf2\ud83c\uddfd<a href=\"https:\/\/twitter.com\/miseleccionmx?ref_src=twsrc%5Etfw\">@miseleccionmx<\/a> (27 March, Dallas) friendlies.<a href=\"https:\/\/twitter.com\/hashtag\/BeProud?src=hash&amp;ref_src=twsrc%5Etfw\">#BeProud<\/a> <a href=\"https:\/\/twitter.com\/hashtag\/Vatreni?src=hash&amp;ref_src=twsrc%5Etfw\">#Vatreni<\/a> <a href=\"https:\/\/t.co\/JacJKAcZUi\">pic.twitter.com\/JacJKAcZUi<\/a><\/p>\n<p>&mdash; HNS (@HNS_CFF) <a href=\"https:\/\/twitter.com\/HNS_CFF\/status\/970614012345012224?ref_src=twsrc%5Etfw\">March 5, 2018<\/a><\/p><\/blockquote>\n<p><script async src=\"https:\/\/platform.twitter.com\/widgets.js\" charset=\"utf-8\"><\/script><\/p>\n<p>Este equipo ser\u00e1 muy parecido al que enfrent\u00f3 la <strong>Selecci\u00f3n Mexicana<\/strong> durante el <strong>Mundial de Brasil 2014<\/strong> y donde el equipo que dirig\u00eda <strong>Miguel Herrera<\/strong> termin\u00f3 por derrotar 3-1 a los de <strong>Niko Kovac<\/strong>, obteniendo su clasificaci\u00f3n a los <strong>Octavos de Final<\/strong> de aquel certamen.<\/p>\n<p>Croacia se enfrentar\u00e1 a <strong>Nigeria<\/strong>, <strong>Argentina<\/strong> e <strong>Islandia<\/strong> en la pr\u00f3xima <strong>Copa del Mundo de Rusia 2018<\/strong>, mientras que <strong>M\u00e9xico<\/strong> jugar\u00e1 en <strong>Fase de Grupos<\/strong> ante <strong>Alemania<\/strong>, <strong>Corea del Sur<\/strong>\u00a0y <strong>Suecia<\/strong>.<\/p>\n","protected":false},"excerpt":{"rendered":"<p>Los croatas jugar\u00e1n ante Per\u00fa y el TRI en la Fecha FIFA.<\/p>\n","protected":false},"author":129,"featured_media":519677,"comment_status":"closed","ping_status":"closed","sticky":false,"template":"","format":"standard","meta":[],"categories":[5,3839,3847],"tags":[1393,2763,409],"_links":{"self":[{"href":"http:\/\/desarrollo.grupomedios.com\/futbol\/wp-json\/wp\/v2\/posts\/519674"}],"collection":[{"href":"http:\/\/desarrollo.grupomedios.com\/futbol\/wp-json\/wp\/v2\/posts"}],"about":[{"href":"http:\/\/desarrollo.grupomedios.com\/futbol\/wp-json\/wp\/v2\/types\/post"}],"author":[{"embeddable":true,"href":"http:\/\/desarrollo.grupomedios.com\/futbol\/wp-json\/wp\/v2\/users\/129"}],"replies":[{"embeddable":true,"href":"http:\/\/desarrollo.grupomedios.com\/futbol\/wp-json\/wp\/v2\/comments?post=519674"}],"version-history":[{"count":1,"href":"http:\/\/desarrollo.grupomedios.com\/futbol\/wp-json\/wp\/v2\/posts\/519674\/revisions"}],"predecessor-version":[{"id":519678,"href":"http:\/\/desarrollo.grupomedios.com\/futbol\/wp-json\/wp\/v2\/posts\/519674\/revisions\/519678"}],"wp:featuredmedia":[{"embeddable":true,"href":"http:\/\/desarrollo.grupomedios.com\/futbol\/wp-json\/wp\/v2\/media\/519677"}],"wp:attachment":[{"href":"http:\/\/desarrollo.grupomedios.com\/futbol\/wp-json\/wp\/v2\/media?parent=519674"}],"wp:term":[{"taxonomy":"category","embeddable":true,"href":"http:\/\/desarrollo.grupomedios.com\/futbol\/wp-json\/wp\/v2\/categories?post=519674"},{"taxonomy":"post_tag","embeddable":true,"href":"http:\/\/desarrollo.grupomedios.com\/futbol\/wp-json\/wp\/v2\/tags?post=519674"}],"curies":[{"name":"wp","href":"https:\/\/api.w.org\/{rel}","templated":true}]}}