{"id":519684,"date":"2018-03-05T16:12:48","date_gmt":"2018-03-05T22:12:48","guid":{"rendered":"https:\/\/www.futboltotal.com.mx\/?p=519684"},"modified":"2018-03-05T16:12:48","modified_gmt":"2018-03-05T22:12:48","slug":"penalba-asegura-hubo-manoseo-cuando-salio-cruz-azul","status":"publish","type":"post","link":"http:\/\/desarrollo.grupomedios.com\/futbol\/futbol-mexicano\/penalba-asegura-hubo-manoseo-cuando-salio-cruz-azul\/2018\/03","title":{"rendered":"Pe\u00f1alba asegura que &#8220;hubo manoseo&#8221; cuando sali\u00f3 de Cruz Azul"},"content":{"rendered":"<p>El ex jugador de <strong>Cruz Azul<\/strong>, <strong>Gabriel Pe\u00f1alba<\/strong>, habl\u00f3 sobre su salida de <strong>La M\u00e1quina<\/strong> y confes\u00f3 que hubo alg\u00fan tipo de &#8220;manoseo&#8221; cuando se dio su fichaje por el equipo de <strong>Las Palmas<\/strong> durante el pasado mercado invernal.<\/p>\n<p>Para el espa\u00f1ol <strong>Paco J\u00e9mez<\/strong>, el argentino era uno de los jugadores inamovible en la alineaci\u00f3n pero con la llegada de <strong>Pedro Caixinha<\/strong> se le comunic\u00f3 su salida y ah\u00ed fue cuando los cementeros movieron estatus en el <strong>Draft<\/strong> a intransferible para llamar la atenci\u00f3n del club de las islas canarias.<\/p>\n<p style=\"text-align: center;\"><span style=\"color: #3366ff;\"><a href=\"https:\/\/www.futboltotal.com.mx\/futbol-mexicano\/liga-mx\/aficionado-del-cruz-azul-explota-contra-los-jugadores\/2018\/03\">VER M\u00c1S: Aficionado del Cruz Azul explota contra los jugadores<\/a><\/span><\/p>\n<p>&nbsp;<\/p>\n<p>\u201c<mark>Cuando se enteraron que era transferible, me contactaron Las Palmas. La verdad que no estuvo bueno el manoseo. No lo merec\u00eda, pero, as\u00ed como digo eso, tambi\u00e9n destaco que entendieron mi planteo<\/mark>, le agradezco al presidente <strong>Billy \u00c1lvarez<\/strong> con el cual nos dimos la mano y terminamos muy bien\u201d, explic\u00f3 el argentino al <em>Diario AM<\/em>.<\/p>\n<p>Pe\u00f1alba tambi\u00e9n aprovech\u00f3 su entrevista para hablar de Cruz Azul y el mal paso en el <strong>Clausura 2018<\/strong>, pues afirm\u00f3 que se siente mal por los amigos que tuvo tras su paso en La M\u00e1quina y culp\u00f3 a la prensa mexicana.<\/p>\n<p>&#8220;La verdad que sigo al club y me pone mal la situaci\u00f3n actual, porque dej\u00e9 amigos. Creo que hay una presi\u00f3n excesiva de la prensa con el club y por eso atacan demasiado. Hay medios que dicen cada barbaridad. Parece que parte un sector tiene la potestad de decir lo que quiera. Me puedes decir cualquier cosa con respeto, pero no pasar esa l\u00ednea\u201d, finaliz\u00f3.<\/p>\n<p><img decoding=\"async\" loading=\"lazy\" class=\"alignnone size-full wp-image-457123\" src=\"https:\/\/www.futboltotal.com.mx\/wp-content\/uploads\/2017\/01\/me-ganare-a-la-aficion-del-cruz-azul-gabriel-panalba.jpg\" alt=\"Gabriel Pe\u00f1alba\" srcset=\"http:\/\/desarrollo.grupomedios.com\/futbol\/wp-content\/uploads\/2017\/01\/me-ganare-a-la-aficion-del-cruz-azul-gabriel-panalba.jpg 1136w, http:\/\/desarrollo.grupomedios.com\/futbol\/wp-content\/uploads\/2017\/01\/me-ganare-a-la-aficion-del-cruz-azul-gabriel-panalba-300x169.jpg 300w, http:\/\/desarrollo.grupomedios.com\/futbol\/wp-content\/uploads\/2017\/01\/me-ganare-a-la-aficion-del-cruz-azul-gabriel-panalba-768x432.jpg 768w, http:\/\/desarrollo.grupomedios.com\/futbol\/wp-content\/uploads\/2017\/01\/me-ganare-a-la-aficion-del-cruz-azul-gabriel-panalba-1024x576.jpg 1024w, http:\/\/desarrollo.grupomedios.com\/futbol\/wp-content\/uploads\/2017\/01\/me-ganare-a-la-aficion-del-cruz-azul-gabriel-panalba-317x178.jpg 317w, http:\/\/desarrollo.grupomedios.com\/futbol\/wp-content\/uploads\/2017\/01\/me-ganare-a-la-aficion-del-cruz-azul-gabriel-panalba-535x301.jpg 535w, http:\/\/desarrollo.grupomedios.com\/futbol\/wp-content\/uploads\/2017\/01\/me-ganare-a-la-aficion-del-cruz-azul-gabriel-panalba-374x210.jpg 374w\" sizes=\"(max-width: 1136px) 100vw, 1136px\" \/><\/p>\n","protected":false},"excerpt":{"rendered":"<p>El argentino se dijo &#8220;confundido&#8221; por c\u00f3mo se llev\u00f3 la negociaci\u00f3n.<\/p>\n","protected":false},"author":129,"featured_media":507463,"comment_status":"closed","ping_status":"closed","sticky":false,"template":"","format":"standard","meta":[],"categories":[2198,3845],"tags":[5962,3883,7809,4465,64],"_links":{"self":[{"href":"http:\/\/desarrollo.grupomedios.com\/futbol\/wp-json\/wp\/v2\/posts\/519684"}],"collection":[{"href":"http:\/\/desarrollo.grupomedios.com\/futbol\/wp-json\/wp\/v2\/posts"}],"about":[{"href":"http:\/\/desarrollo.grupomedios.com\/futbol\/wp-json\/wp\/v2\/types\/post"}],"author":[{"embeddable":true,"href":"http:\/\/desarrollo.grupomedios.com\/futbol\/wp-json\/wp\/v2\/users\/129"}],"replies":[{"embeddable":true,"href":"http:\/\/desarrollo.grupomedios.com\/futbol\/wp-json\/wp\/v2\/comments?post=519684"}],"version-history":[{"count":1,"href":"http:\/\/desarrollo.grupomedios.com\/futbol\/wp-json\/wp\/v2\/posts\/519684\/revisions"}],"predecessor-version":[{"id":519687,"href":"http:\/\/desarrollo.grupomedios.com\/futbol\/wp-json\/wp\/v2\/posts\/519684\/revisions\/519687"}],"wp:featuredmedia":[{"embeddable":true,"href":"http:\/\/desarrollo.grupomedios.com\/futbol\/wp-json\/wp\/v2\/media\/507463"}],"wp:attachment":[{"href":"http:\/\/desarrollo.grupomedios.com\/futbol\/wp-json\/wp\/v2\/media?parent=519684"}],"wp:term":[{"taxonomy":"category","embeddable":true,"href":"http:\/\/desarrollo.grupomedios.com\/futbol\/wp-json\/wp\/v2\/categories?post=519684"},{"taxonomy":"post_tag","embeddable":true,"href":"http:\/\/desarrollo.grupomedios.com\/futbol\/wp-json\/wp\/v2\/tags?post=519684"}],"curies":[{"name":"wp","href":"https:\/\/api.w.org\/{rel}","templated":true}]}}