{"id":519697,"date":"2018-03-05T17:24:43","date_gmt":"2018-03-05T23:24:43","guid":{"rendered":"https:\/\/www.futboltotal.com.mx\/?p=519697"},"modified":"2018-03-05T17:24:43","modified_gmt":"2018-03-05T23:24:43","slug":"jose-cardozo-historico-del-toluca-se-une-a-twitter","status":"publish","type":"post","link":"http:\/\/desarrollo.grupomedios.com\/futbol\/futbol-mexicano\/jose-cardozo-historico-del-toluca-se-une-a-twitter\/2018\/03","title":{"rendered":"Jos\u00e9 Cardozo, el hist\u00f3rico del Toluca, se une a Twitter"},"content":{"rendered":"<p>Los aficionados de los <strong>Diablos Rojos<\/strong> del <strong>Toluca<\/strong> est\u00e1n de fiesta, pues el m\u00e1ximo goleador en la historia del equipo <strong>Jos\u00e9 Saturnino Cardozo<\/strong>, ha anunciado su nueva cuenta de Twitter.<\/p>\n<p>Fue con un video donde el exjugador paraguayo anunci\u00f3 su usuario oficial <span style=\"color: #3366ff;\"><a href=\"https:\/\/twitter.com\/pepecardozo249\">@pepecardozo249<\/a><\/span> haciendo alusi\u00f3n a la cantidad de goles que anot\u00f3 durante su paso por los <em>Escarlatas<\/em>.<\/p>\n<p style=\"text-align: center;\"><span style=\"color: #3366ff;\"><a href=\"https:\/\/www.futboltotal.com.mx\/futbol-mexicano\/liga-mx\/11-infame-la-jornada-10-del-clausura-2018\/2018\/03\">VER M\u00c1S: El 11 Infame de la Jornada 10 del Clausura 2018<\/a><\/span><\/p>\n<blockquote class=\"twitter-tweet\" data-width=\"500\">\n<p lang=\"es\" dir=\"ltr\">\u00a1Bienvenidos a mi twitter! Gracias por su apoyo incondicional. \u26bd\ufe0f<\/p>\n<p>&mdash; Jos\u00e9 Saturnino Cardozo (@pepecardozo249) <a href=\"https:\/\/twitter.com\/pepecardozo249\/status\/970535465962164224?ref_src=twsrc%5Etfw\">March 5, 2018<\/a><\/p><\/blockquote>\n<p><script async src=\"https:\/\/platform.twitter.com\/widgets.js\" charset=\"utf-8\"><\/script><\/p>\n<p>La respuesta de la gente no se hizo esperar y adem\u00e1s de los aficionados del <strong>Toluca<\/strong>, tambi\u00e9n hubo gente de otros clubes que se alegraron por la llegada del <strong>Pr\u00edncipe Guaran\u00ed<\/strong> y lo llenaron de elogios.<\/p>\n<blockquote class=\"twitter-tweet\" data-width=\"500\">\n<p lang=\"es\" dir=\"ltr\">Ya era hora&#8230;. el pr\u00edncipe guaran\u00ed  &lt;3 <a href=\"https:\/\/t.co\/uIU2heRwFL\">pic.twitter.com\/uIU2heRwFL<\/a><\/p>\n<p>&mdash; \u2664alanbike\u2664 (@alanbike2) <a href=\"https:\/\/twitter.com\/alanbike2\/status\/970725789695119365?ref_src=twsrc%5Etfw\">March 5, 2018<\/a><\/p><\/blockquote>\n<p><script async src=\"https:\/\/platform.twitter.com\/widgets.js\" charset=\"utf-8\"><\/script><\/p>\n<p>https:\/\/twitter.com\/gus12copas\/status\/970737486317015041<\/p>\n<p>https:\/\/twitter.com\/DiablosdeToluca\/status\/970685202681991168<\/p>\n<p>https:\/\/twitter.com\/TSA_oficial\/status\/970777345450762240<\/p>\n<blockquote class=\"twitter-tweet\" data-width=\"500\">\n<p lang=\"es\" dir=\"ltr\">Eres sin duda, el mejor centro delantero que me ha tocado ver en el f\u00fatbol mexicano. Tambi\u00e9n creo que dif\u00edcilmente llegue alguien como t\u00fa, y si es as\u00ed, que llegue a mis \u00e1guilas jaja!<\/p>\n<p>&mdash; Zaviic (@Zaviic) <a href=\"https:\/\/twitter.com\/Zaviic\/status\/970796172171411456?ref_src=twsrc%5Etfw\">March 5, 2018<\/a><\/p><\/blockquote>\n<p><script async src=\"https:\/\/platform.twitter.com\/widgets.js\" charset=\"utf-8\"><\/script><\/p>\n<p>El paraguayo agradeci\u00f3 por las muestras de apoyo de todos los aficionados.<\/p>\n<p>https:\/\/twitter.com\/pepecardozo249\/status\/970788446863273984<\/p>\n","protected":false},"excerpt":{"rendered":"<p>El paraguayo ya sum\u00f3 varios seguidores en su cuenta.<\/p>\n","protected":false},"author":129,"featured_media":453630,"comment_status":"closed","ping_status":"closed","sticky":false,"template":"","format":"standard","meta":[],"categories":[2198,3845],"tags":[3883,3642,64,5975],"_links":{"self":[{"href":"http:\/\/desarrollo.grupomedios.com\/futbol\/wp-json\/wp\/v2\/posts\/519697"}],"collection":[{"href":"http:\/\/desarrollo.grupomedios.com\/futbol\/wp-json\/wp\/v2\/posts"}],"about":[{"href":"http:\/\/desarrollo.grupomedios.com\/futbol\/wp-json\/wp\/v2\/types\/post"}],"author":[{"embeddable":true,"href":"http:\/\/desarrollo.grupomedios.com\/futbol\/wp-json\/wp\/v2\/users\/129"}],"replies":[{"embeddable":true,"href":"http:\/\/desarrollo.grupomedios.com\/futbol\/wp-json\/wp\/v2\/comments?post=519697"}],"version-history":[{"count":1,"href":"http:\/\/desarrollo.grupomedios.com\/futbol\/wp-json\/wp\/v2\/posts\/519697\/revisions"}],"predecessor-version":[{"id":519700,"href":"http:\/\/desarrollo.grupomedios.com\/futbol\/wp-json\/wp\/v2\/posts\/519697\/revisions\/519700"}],"wp:featuredmedia":[{"embeddable":true,"href":"http:\/\/desarrollo.grupomedios.com\/futbol\/wp-json\/wp\/v2\/media\/453630"}],"wp:attachment":[{"href":"http:\/\/desarrollo.grupomedios.com\/futbol\/wp-json\/wp\/v2\/media?parent=519697"}],"wp:term":[{"taxonomy":"category","embeddable":true,"href":"http:\/\/desarrollo.grupomedios.com\/futbol\/wp-json\/wp\/v2\/categories?post=519697"},{"taxonomy":"post_tag","embeddable":true,"href":"http:\/\/desarrollo.grupomedios.com\/futbol\/wp-json\/wp\/v2\/tags?post=519697"}],"curies":[{"name":"wp","href":"https:\/\/api.w.org\/{rel}","templated":true}]}}