{"id":519698,"date":"2018-03-05T17:35:43","date_gmt":"2018-03-05T23:35:43","guid":{"rendered":"https:\/\/www.futboltotal.com.mx\/?p=519698"},"modified":"2018-03-05T17:35:43","modified_gmt":"2018-03-05T23:35:43","slug":"pablo-barrera-vs-david-patino-quien-para-capitan-en-pumas","status":"publish","type":"post","link":"http:\/\/desarrollo.grupomedios.com\/futbol\/futbol-mexicano\/pablo-barrera-vs-david-patino-quien-para-capitan-en-pumas\/2018\/03","title":{"rendered":"Pablo Barrera vs David Pati\u00f1o, \u00bfQui\u00e9n para capit\u00e1n en Pumas?"},"content":{"rendered":"<p>El incidente que se dio en el duelo del <strong>Club Le\u00f3n<\/strong> frente a <strong>Pumas de la UNAM<\/strong> en la el capit\u00e1n del equipo universitario, <strong>Pablo Barrera<\/strong> sali\u00f3 enfurecido luego que el estratega <strong>David Pati\u00f1o<\/strong> decidiera mandarlo a la banca como cambio y que provocara que el &#8216;8&#8217; de los aurizaules saliera pateando e insultando, adem\u00e1s de reclamarle con los brazos extendidos a su t\u00e9cnico, ahora ha quedado una ruptura entre ambas partes y tal parece que tendr\u00e1n que buscar un reemplazo para tomar el gafete.<\/p>\n<p>https:\/\/twitter.com\/MarcaClaro\/status\/970787440414810112<\/p>\n<p>El mediocampista de Pumas decidi\u00f3 mandas una disculpa a trav\u00e9s de redes sociales, sin embargo no se sabe si ha hablado con <strong>David Pati\u00f1o<\/strong> sobre los sucedido, adem\u00e1s que tal parece que se avecina una aut\u00e9ntica revoluci\u00f3n en el once inicial de los Felinos, por lo que deber\u00e1n buscar un nuevo capit\u00e1n.<\/p>\n<p>https:\/\/twitter.com\/pablitobarrera\/status\/970748451528019968<\/p>\n<p style=\"text-align: center;\"><a href=\"https:\/\/www.futboltotal.com.mx\/futbol-internacional\/liga-de-inglaterra\/henry-lampard-se-perfila-dts-premier-league\/2018\/03\">VER M\u00c1S: Henry y Lampard se perfila para DTs de Premier League<\/a><\/p>\n<h2>Las opciones que tiene en el banquillo<\/h2>\n<p>Dentro de las opciones que tiene en el plantel David Pati\u00f1o, estar\u00edan tres quienes tendr\u00edan la capacidad de portar el gafete, con el liderazgo, experiencia y sobre todo que son titulares indiscutibles: la primera y que parecer\u00eda m\u00e1s l\u00f3gica ser\u00eda que portara el gafete <strong>Marcelo D\u00edaz<\/strong>, chileno que a pesar de estar cumpliendo su segundo torneo con los universitarios se ha convertido en un referente y ya port\u00f3 el gafete en el principio del Clausura 2018.<\/p>\n<p>La otra opci\u00f3n ser\u00eda <strong>Luis Fuentes,<\/strong> quien regres\u00f3 luego de unas temporadas con los Rayados de Monterrey, y en su vuelta ha sido considerado como uno de los titulares para el estratega mexicano. Otro elemento que ya port\u00f3 el gafete en el pasado incluso &#8216;arrebat\u00e1ndoselo&#8217; a <strong>Dar\u00edo Ver\u00f3n.<\/strong><\/p>\n<p>Por otro lado, un canterano que tambi\u00e9n se ha ganado la titularidad en este certamen y podr\u00eda hacerse del puesto como un referente es <strong>David Cabrera,<\/strong> quien luego de lesiones y pr\u00e9stamo a Monarcas Morelia se ha consolidado en el once Felino, por lo que no ser\u00eda raro verlo portar el gafete de capit\u00e1n.<\/p>\n<p><img decoding=\"async\" class=\"aligncenter\" src=\"https:\/\/images.sipse.com\/9oPuBKXeR5rhN-xXouhRHX6fG-c=\/800x497\/smart\/2018\/02\/03\/1517699194499.jpg\" alt=\"Imagen relacionada\" \/><\/p>\n<p style=\"text-align: center;\"><a href=\"https:\/\/www.futboltotal.com.mx\/futbol-mexicano\/seleccion-mexicana\/las-figuras-las-croacia-enfrentara-a-mexico\/2018\/03\">VER M\u00c1S: Las figuras con las que Croacia enfrentar\u00e1 a M\u00e9xico<\/a><\/p>\n<p>&nbsp;<\/p>\n<p>&nbsp;<\/p>\n","protected":false},"excerpt":{"rendered":"<p>Los Universitarios deber\u00e1n buscar un nuevo capit\u00e1n si no logran resolver el problema con el mediocampista.<\/p>\n","protected":false},"author":159,"featured_media":519701,"comment_status":"closed","ping_status":"closed","sticky":false,"template":"","format":"standard","meta":[],"categories":[2198,3845],"tags":[9028,915,296,64,11991,9271,82,74,5976],"_links":{"self":[{"href":"http:\/\/desarrollo.grupomedios.com\/futbol\/wp-json\/wp\/v2\/posts\/519698"}],"collection":[{"href":"http:\/\/desarrollo.grupomedios.com\/futbol\/wp-json\/wp\/v2\/posts"}],"about":[{"href":"http:\/\/desarrollo.grupomedios.com\/futbol\/wp-json\/wp\/v2\/types\/post"}],"author":[{"embeddable":true,"href":"http:\/\/desarrollo.grupomedios.com\/futbol\/wp-json\/wp\/v2\/users\/159"}],"replies":[{"embeddable":true,"href":"http:\/\/desarrollo.grupomedios.com\/futbol\/wp-json\/wp\/v2\/comments?post=519698"}],"version-history":[{"count":3,"href":"http:\/\/desarrollo.grupomedios.com\/futbol\/wp-json\/wp\/v2\/posts\/519698\/revisions"}],"predecessor-version":[{"id":519742,"href":"http:\/\/desarrollo.grupomedios.com\/futbol\/wp-json\/wp\/v2\/posts\/519698\/revisions\/519742"}],"wp:featuredmedia":[{"embeddable":true,"href":"http:\/\/desarrollo.grupomedios.com\/futbol\/wp-json\/wp\/v2\/media\/519701"}],"wp:attachment":[{"href":"http:\/\/desarrollo.grupomedios.com\/futbol\/wp-json\/wp\/v2\/media?parent=519698"}],"wp:term":[{"taxonomy":"category","embeddable":true,"href":"http:\/\/desarrollo.grupomedios.com\/futbol\/wp-json\/wp\/v2\/categories?post=519698"},{"taxonomy":"post_tag","embeddable":true,"href":"http:\/\/desarrollo.grupomedios.com\/futbol\/wp-json\/wp\/v2\/tags?post=519698"}],"curies":[{"name":"wp","href":"https:\/\/api.w.org\/{rel}","templated":true}]}}