{"id":519721,"date":"2018-03-06T08:35:10","date_gmt":"2018-03-06T14:35:10","guid":{"rendered":"https:\/\/www.futboltotal.com.mx\/?p=519721"},"modified":"2018-03-07T08:22:33","modified_gmt":"2018-03-07T14:22:33","slug":"tigres-uanl-tendra-nuevo-estadio-confirma-rector","status":"publish","type":"post","link":"http:\/\/desarrollo.grupomedios.com\/futbol\/destacado-home\/tigres-uanl-tendra-nuevo-estadio-confirma-rector\/2018\/03","title":{"rendered":"Tigres UANL tendr\u00e1 nuevo estadio, confirma rector"},"content":{"rendered":"<p>El cuadro de<strong> Tigres UANL<\/strong> ha tomado la decisi\u00f3n de no darle una renovaci\u00f3n al<strong> Estadio Universitario<\/strong>, pues empezar\u00edan a planificar la edificaci\u00f3n del inmueble, por esta raz\u00f3n ya se han pues en contacto con los posibles inversionistas para el mismo, lo que tienen claro es que desean dentro de los terrenos de la Universidad para mantener la identidad con el club.<\/p>\n<p>El rector de la Universidad Aut\u00f3noma de Nuevo Le\u00f3n,\u00a0<strong>Rogelio Garza Rivera<\/strong>, indic\u00f3 que tienen la opci\u00f3n que les sean cedidos los terrenos que pertenecen a Ferocarriles,con lo que podr\u00edan concretar un proyecto denominado &#8216;Distrito Uni&#8217;, en donde estar\u00eda incluida la nueva casa del cuadro universitario.<\/p>\n<p style=\"text-align: center;\"><a href=\"https:\/\/www.futboltotal.com.mx\/futbol-mexicano\/liga-mx\/pablo-barrera-vs-david-patino-quien-para-capitan-en-pumas\/2018\/03\">VER M\u00c1S: Pablo Barrera vs David Pati\u00f1o, \u00bfQui\u00e9n para capit\u00e1n en Pumas?<\/a><\/p>\n<p>&#8220;Seguimos en la planeaci\u00f3n, aqu\u00ed ahora la situaci\u00f3n es la cuesti\u00f3n de los\u00a0<strong>inversionistas,\u00a0<\/strong>pero ya tenemos, ya hemos coincidido en d\u00f3nde puede en un momento dado construirse el nuevo\u00a0<strong>estadio<\/strong>, obviamente dentro del\u00a0<strong>campus universitario<\/strong>.\u00a0Ya lo platiqu\u00e9 con\u00a0<strong>Alejandro Rodr\u00edguez\u00a0<\/strong>y coincidimos.<\/p>\n<p>&#8220;Eso ha sido siempre nuestro objetivo, porque tambi\u00e9n fue una propuesta de parte del\u00a0<strong>Gobernador\u00a0<\/strong>de lograr adquirir esos campos del<strong>\u00a0Distrito Uni\u00a0<\/strong>que le est\u00e1n llamando, y bueno, es un plan muy ambicioso y dentro de ese plan, pues est\u00e1 tambi\u00e9n contemplado la construcci\u00f3n del nuevo\u00a0<strong>estadio\u00a0<\/strong>en esos terrenos&#8221;, coment\u00f3 Garza.<\/p>\n<p>Por otro lado, el dirigente del equipo Tigres,\u00a0<strong>Alejandro Rodr\u00edguez,\u00a0<\/strong>indic\u00f3 que no deseaba hablar mucho sobre el proyecto pues todav\u00eda no se hace como un hecho oficial.<\/p>\n<p><strong>\u201cHay proyectos que est\u00e1 ventilando la rector\u00eda<\/strong>, de los cuales no puedo opinar pues no s\u00e9 el grado de avance.<\/p>\n<p><strong>S\u00e9 que hay un inter\u00e9s de la rector\u00eda porque ya lo hizo publico<\/strong>, el deseo es que sea en terrenos universitarios, y que hay gente interesados en invertir en un nuevo estadio, los tiempos los desconozco sinceramente\u201d, expres\u00f3 el dirigente.<\/p>\n<p style=\"text-align: center;\"><a href=\"https:\/\/www.futboltotal.com.mx\/futbol-mexicano\/liga-mx\/raul-ruidiaz-al-america-despues-rusia-2018\/2018\/03\">VER M\u00c1S: Ra\u00fal Ruid\u00edaz llegar\u00eda al Am\u00e9rica despu\u00e9s de Rusia 2018<\/a><\/p>\n","protected":false},"excerpt":{"rendered":"<p>El cuadro universitario est\u00e1 buscando a los inversionistas para la construcci\u00f3n de su nuevo inmueble<\/p>\n","protected":false},"author":159,"featured_media":519723,"comment_status":"closed","ping_status":"closed","sticky":false,"template":"","format":"standard","meta":[],"categories":[5,2198,3845],"tags":[9028,64,570],"_links":{"self":[{"href":"http:\/\/desarrollo.grupomedios.com\/futbol\/wp-json\/wp\/v2\/posts\/519721"}],"collection":[{"href":"http:\/\/desarrollo.grupomedios.com\/futbol\/wp-json\/wp\/v2\/posts"}],"about":[{"href":"http:\/\/desarrollo.grupomedios.com\/futbol\/wp-json\/wp\/v2\/types\/post"}],"author":[{"embeddable":true,"href":"http:\/\/desarrollo.grupomedios.com\/futbol\/wp-json\/wp\/v2\/users\/159"}],"replies":[{"embeddable":true,"href":"http:\/\/desarrollo.grupomedios.com\/futbol\/wp-json\/wp\/v2\/comments?post=519721"}],"version-history":[{"count":1,"href":"http:\/\/desarrollo.grupomedios.com\/futbol\/wp-json\/wp\/v2\/posts\/519721\/revisions"}],"predecessor-version":[{"id":519724,"href":"http:\/\/desarrollo.grupomedios.com\/futbol\/wp-json\/wp\/v2\/posts\/519721\/revisions\/519724"}],"wp:featuredmedia":[{"embeddable":true,"href":"http:\/\/desarrollo.grupomedios.com\/futbol\/wp-json\/wp\/v2\/media\/519723"}],"wp:attachment":[{"href":"http:\/\/desarrollo.grupomedios.com\/futbol\/wp-json\/wp\/v2\/media?parent=519721"}],"wp:term":[{"taxonomy":"category","embeddable":true,"href":"http:\/\/desarrollo.grupomedios.com\/futbol\/wp-json\/wp\/v2\/categories?post=519721"},{"taxonomy":"post_tag","embeddable":true,"href":"http:\/\/desarrollo.grupomedios.com\/futbol\/wp-json\/wp\/v2\/tags?post=519721"}],"curies":[{"name":"wp","href":"https:\/\/api.w.org\/{rel}","templated":true}]}}