{"id":519736,"date":"2018-03-06T09:54:55","date_gmt":"2018-03-06T15:54:55","guid":{"rendered":"https:\/\/www.futboltotal.com.mx\/?p=519736"},"modified":"2018-03-06T09:54:55","modified_gmt":"2018-03-06T15:54:55","slug":"la-galaxy-suma-mexicano-a-sus-filas","status":"publish","type":"post","link":"http:\/\/desarrollo.grupomedios.com\/futbol\/futbol-internacional\/la-galaxy-suma-mexicano-a-sus-filas\/2018\/03","title":{"rendered":"LA Galaxy suma otro mexicano a sus filas"},"content":{"rendered":"<p>El cuadro de <strong>Los Angeles Galaxy<\/strong> ya tiene entre sus filas a <strong>Giovani y Jonathan Dos Santos<\/strong>, adem\u00e1s de\u00a0<strong>Servando Carrasco<\/strong>, quien se ha sumado al equipo de <strong>Major League Soccer,<\/strong> ahora ha sumado un mexicano m\u00e1s quien ser\u00e1 uno de los juveniles que llegar\u00e1n con contrato al equipo de Estados Unidos.<\/p>\n<p>El nuevo refuerzo se trata de\u00a0<strong>Efra\u00edn \u00c1lvarez, <\/strong>quien\u00a0con tan solo\u00a015 a\u00f1os\u00a0de edad ha firmado un contrato profesional en la primera divisi\u00f3n, convirti\u00e9ndose en el s\u00e9ptimo jugador m\u00e1s joven en firmar una transacci\u00f3n de esta forma, algo que resulta un aut\u00e9ntico suceso dentro del club angelino.<\/p>\n<p style=\"text-align: center;\"><a href=\"https:\/\/www.futboltotal.com.mx\/futbol-internacional\/liga-de-inglaterra\/henry-lampard-se-perfila-dts-premier-league\/2018\/03\">VER M\u00c1S: Henry y Lampard se perfilan para DTs de Premier League<\/a><\/p>\n<p>El jugador tiene la nacionalidad de Estados Unidos y M\u00e9xico, ha representado a ambas selecciones aunque en las \u00faltimas ocasiones se ha decantado por el Tircolor, el mediocampista de los Gal\u00e1cticos se ha unido al cuadro desde el pasado 4 de marzo y tendr\u00e1 la oportunidad de compartir el terreno de juego con los hermanos Dos Santos.<\/p>\n<p>&#8220;Tiene un\u00a0futuro\u00a0brillante junto con el\u00a0<strong>club\u00a0<\/strong>y estamos emocionados de firmarlo. Es un gran talento y un\u00a0<strong>jugador\u00a0<\/strong>muy creativo con una gran visi\u00f3n del juego. Ha progresado a trav\u00e9s de nuestra organizaci\u00f3n y estamos emocionados de que contin\u00fae desarrollando su talento&#8221;, coment\u00f3 el director t\u00e9cnico del\u00a0<strong>Galaxy<\/strong>,\u00a0<strong>Sigi Schmid<\/strong>.<\/p>\n<blockquote class=\"twitter-tweet\" data-width=\"500\">\n<p lang=\"es\" dir=\"ltr\">\u270d\ufe0fNOTA: <a href=\"https:\/\/twitter.com\/hashtag\/LAGalaxy?src=hash&amp;ref_src=twsrc%5Etfw\">#LAGalaxy<\/a> ficha al mediocampista <a href=\"https:\/\/twitter.com\/efrain_alvarez1?ref_src=twsrc%5Etfw\">@efrain_alvarez1<\/a>: <a href=\"https:\/\/t.co\/8gde6fSIwR\">https:\/\/t.co\/8gde6fSIwR<\/a> <a href=\"https:\/\/t.co\/xFJOxY12DO\">pic.twitter.com\/xFJOxY12DO<\/a><\/p>\n<p>&mdash; LA Galaxy (@LAGalaxy_Es) <a href=\"https:\/\/twitter.com\/LAGalaxy_Es\/status\/970366267776319488?ref_src=twsrc%5Etfw\">March 4, 2018<\/a><\/p><\/blockquote>\n<p><script async src=\"https:\/\/platform.twitter.com\/widgets.js\" charset=\"utf-8\"><\/script><\/p>\n<p style=\"text-align: center;\"><a href=\"https:\/\/www.futboltotal.com.mx\/futbol-mexicano\/liga-mx\/tigres-uanl-tendra-nuevo-estadio-confirma-rector\/2018\/03\">VER M\u00c1S: Tigres UANL tendr\u00e1 nuevo estadio, confirma rector<\/a><\/p>\n","protected":false},"excerpt":{"rendered":"<p>El cuadro de los Gal\u00e1cticos contin\u00faan sumando mexicanos en sus filas <\/p>\n","protected":false},"author":159,"featured_media":519740,"comment_status":"closed","ping_status":"closed","sticky":false,"template":"","format":"standard","meta":[],"categories":[3839,9635],"tags":[11992,5982,48,1098,195],"_links":{"self":[{"href":"http:\/\/desarrollo.grupomedios.com\/futbol\/wp-json\/wp\/v2\/posts\/519736"}],"collection":[{"href":"http:\/\/desarrollo.grupomedios.com\/futbol\/wp-json\/wp\/v2\/posts"}],"about":[{"href":"http:\/\/desarrollo.grupomedios.com\/futbol\/wp-json\/wp\/v2\/types\/post"}],"author":[{"embeddable":true,"href":"http:\/\/desarrollo.grupomedios.com\/futbol\/wp-json\/wp\/v2\/users\/159"}],"replies":[{"embeddable":true,"href":"http:\/\/desarrollo.grupomedios.com\/futbol\/wp-json\/wp\/v2\/comments?post=519736"}],"version-history":[{"count":2,"href":"http:\/\/desarrollo.grupomedios.com\/futbol\/wp-json\/wp\/v2\/posts\/519736\/revisions"}],"predecessor-version":[{"id":519847,"href":"http:\/\/desarrollo.grupomedios.com\/futbol\/wp-json\/wp\/v2\/posts\/519736\/revisions\/519847"}],"wp:featuredmedia":[{"embeddable":true,"href":"http:\/\/desarrollo.grupomedios.com\/futbol\/wp-json\/wp\/v2\/media\/519740"}],"wp:attachment":[{"href":"http:\/\/desarrollo.grupomedios.com\/futbol\/wp-json\/wp\/v2\/media?parent=519736"}],"wp:term":[{"taxonomy":"category","embeddable":true,"href":"http:\/\/desarrollo.grupomedios.com\/futbol\/wp-json\/wp\/v2\/categories?post=519736"},{"taxonomy":"post_tag","embeddable":true,"href":"http:\/\/desarrollo.grupomedios.com\/futbol\/wp-json\/wp\/v2\/tags?post=519736"}],"curies":[{"name":"wp","href":"https:\/\/api.w.org\/{rel}","templated":true}]}}