{"id":519746,"date":"2018-03-06T16:48:20","date_gmt":"2018-03-06T22:48:20","guid":{"rendered":"https:\/\/www.futboltotal.com.mx\/?p=519746"},"modified":"2018-03-07T12:41:17","modified_gmt":"2018-03-07T18:41:17","slug":"psg-millonaria-inversion-fracasar-en-la-champions","status":"publish","type":"post","link":"http:\/\/desarrollo.grupomedios.com\/futbol\/futbol-internacional\/psg-millonaria-inversion-fracasar-en-la-champions\/2018\/03","title":{"rendered":"PSG y su millonaria inversi\u00f3n para fracasar en la Champions"},"content":{"rendered":"<p>El <strong>Paris Saint-Germain<\/strong>\u00a0no pudo revertir el encuentro ante el Real Madrid y termin\u00f3 eliminado de la <strong>UEFA Champions League<\/strong> al caer ante los Merengues en el <strong>Parque de los Pr\u00edncipes<\/strong>.<\/p>\n<p>El due\u00f1o del equipo,\u00a0<strong>Nasser Al-Khelaifi<\/strong>, ha invertido millones de d\u00f3lares en construir el proyecto para ganar el trofeo m\u00e1s anhelado: la Champions League; a\u00fan as\u00ed, los parisinos no pudieron evitar otro fracaso.<\/p>\n<p>El empresario nacido en Doha, con la ayuda de<strong> QIA<\/strong>, <strong>Qatar Investment Authority<\/strong>, ha invertido US$ 692 millones en 23 fichajes de primer nivel para poder revolucionar al club franc\u00e9s y crecer como uno de los grandes de Europa.<\/p>\n<p>Su primer fichaje fue en 2011 cuando contrat\u00f3 al argentino <strong>Javier Pastore<\/strong>, quien lleg\u00f3 del <strong>Palermo<\/strong> al cuadro parisino por 45 millones de d\u00f3lares.<\/p>\n<p><img decoding=\"async\" loading=\"lazy\" class=\"size-full wp-image-519765 aligncenter\" src=\"https:\/\/www.futboltotal.com.mx\/wp-content\/uploads\/2018\/03\/JAVIER-PASTORE-PSG.jpg\" alt=\"PSG y su millonaria inversi\u00f3n para fracasar en la Champions 0\" srcset=\"http:\/\/desarrollo.grupomedios.com\/futbol\/wp-content\/uploads\/2018\/03\/JAVIER-PASTORE-PSG.jpg 750w, http:\/\/desarrollo.grupomedios.com\/futbol\/wp-content\/uploads\/2018\/03\/JAVIER-PASTORE-PSG-300x169.jpg 300w, http:\/\/desarrollo.grupomedios.com\/futbol\/wp-content\/uploads\/2018\/03\/JAVIER-PASTORE-PSG-393x221.jpg 393w\" sizes=\"(max-width: 750px) 100vw, 750px\" \/><\/p>\n<p>Con el argentino inici\u00f3 el gran proyecto de los qataris en el PSG y poco a poco fueron invirtiendo en m\u00e1s jugadores, pues en 2012 le robaron al <strong>Milan<\/strong> a <strong>Thiago Silva<\/strong> y a <strong>Zlatan Ibrahimovic<\/strong> para comenzar con su imperio en el futbol de Francia.<\/p>\n<p>Un a\u00f1o m\u00e1s tarde, el uruguayo <strong>Edinson Cavani<\/strong> lleg\u00f3 a francia procedente del <strong>Napoli<\/strong> por 64.5 millones de Euros, para convertirse en otra de las nuevas figuras junto a <strong>Zlatan<\/strong>. Adem\u00e1s del atacante, tambi\u00e9n lleg\u00f3 el central brasile\u00f1o <strong>Marquinhos<\/strong> por 31.4 MDE en el mismo a\u00f1o.<\/p>\n<p><img decoding=\"async\" loading=\"lazy\" class=\"alignnone size-full wp-image-519767\" src=\"https:\/\/www.futboltotal.com.mx\/wp-content\/uploads\/2018\/03\/edinson-cavani-presentado-psg.jpg\" alt=\"PSG y su millonaria inversi\u00f3n para fracasar en la Champions 1\" srcset=\"http:\/\/desarrollo.grupomedios.com\/futbol\/wp-content\/uploads\/2018\/03\/edinson-cavani-presentado-psg.jpg 1125w, http:\/\/desarrollo.grupomedios.com\/futbol\/wp-content\/uploads\/2018\/03\/edinson-cavani-presentado-psg-300x193.jpg 300w, http:\/\/desarrollo.grupomedios.com\/futbol\/wp-content\/uploads\/2018\/03\/edinson-cavani-presentado-psg-768x493.jpg 768w, http:\/\/desarrollo.grupomedios.com\/futbol\/wp-content\/uploads\/2018\/03\/edinson-cavani-presentado-psg-1024x657.jpg 1024w\" sizes=\"(max-width: 1125px) 100vw, 1125px\" \/><\/p>\n<p>En 2015 el club parisino rescat\u00f3 a \u00c1ngel Di Mar\u00eda tras su fracaso en el Manchester United e invirti\u00f3 63 millones de d\u00f3lares por el argentino llev\u00e1ndolo como una de las figuras del equipo.<\/p>\n<p>Pero fue en 2017 cuando rompi\u00f3 el mercado en dos ocasiones. Primero en el Mercado Invernal al contratar al alem\u00e1n Julian Draxler y luego en verano cuando convirti\u00f3 a Neymar en el fichaje m\u00e1s caro de la historia cuando pag\u00f3 al Barcelona 222 MDE.<\/p>\n<p><img decoding=\"async\" loading=\"lazy\" class=\"alignnone size-full wp-image-492061\" src=\"https:\/\/www.futboltotal.com.mx\/wp-content\/uploads\/2017\/08\/Neymar-presentado-PSG.jpg\" alt=\"PSG y su millonaria inversi\u00f3n para fracasar en la Champions 2\" srcset=\"http:\/\/desarrollo.grupomedios.com\/futbol\/wp-content\/uploads\/2017\/08\/Neymar-presentado-PSG.jpg 1136w, http:\/\/desarrollo.grupomedios.com\/futbol\/wp-content\/uploads\/2017\/08\/Neymar-presentado-PSG-300x169.jpg 300w, http:\/\/desarrollo.grupomedios.com\/futbol\/wp-content\/uploads\/2017\/08\/Neymar-presentado-PSG-768x432.jpg 768w, http:\/\/desarrollo.grupomedios.com\/futbol\/wp-content\/uploads\/2017\/08\/Neymar-presentado-PSG-1024x576.jpg 1024w, http:\/\/desarrollo.grupomedios.com\/futbol\/wp-content\/uploads\/2017\/08\/Neymar-presentado-PSG-317x178.jpg 317w, http:\/\/desarrollo.grupomedios.com\/futbol\/wp-content\/uploads\/2017\/08\/Neymar-presentado-PSG-535x301.jpg 535w, http:\/\/desarrollo.grupomedios.com\/futbol\/wp-content\/uploads\/2017\/08\/Neymar-presentado-PSG-374x210.jpg 374w\" sizes=\"(max-width: 1136px) 100vw, 1136px\" \/><\/p>\n<p>Al-Khelaifi es due\u00f1o de <strong>Bein Media Group<\/strong>, consorcio que maneja 20 canales deportivos en todo el mundo, y tambi\u00e9n posee el cargo de presidente en <strong>Qatar Sports Investment<\/strong>, empresa que se ciment\u00f3 de la inversi\u00f3n en la extracci\u00f3n de petr\u00f3leo y gas natural.<\/p>\n<p>Adem\u00e1s, es miembro del comit\u00e9 organizador del <strong>Mundial de Qatar 2022<\/strong> y se estima que su fortuna rebasa los 18 mil millones de d\u00f3lares<\/p>\n<p>Estos son los fichajes m\u00e1s caros desde la llegada del Qatari:<\/p>\n<p>1. Neymar desde el <strong>FC Barcelona<\/strong> (2017) por 222 MDE<\/p>\n<p>2. Edinson Cavani desde el <strong>N\u00e1poles<\/strong> (2013) por 64,5 MDE<\/p>\n<p>3. \u00c1ngel Di Mar\u00eda desde el <strong>Manchester United<\/strong> (2015) 63 MDE<\/p>\n<p>4. David Luiz desde el <strong>Chelsea<\/strong> (2014) por 49,5 MDE<\/p>\n<p>5. Javier Pastore desde el <strong>Palermo<\/strong> (2011) por 42 MDE<\/p>\n<p>6. Thiago Silva desde el <strong>AC Milan<\/strong>(2012) por 42 MDE<\/p>\n<p>7. Lucas Moura desde el <strong>Sao Paulo<\/strong> (2013) por 40 MDE<\/p>\n<p>8. Julian Draxler desde el <strong>Wolfsburgo<\/strong> (2017) por 38 MDE<\/p>\n<p>9. Nicolas Anelka desde el<strong> Real Madrid<\/strong> (2000) por 34, 5 MDE<\/p>\n<p>10. Marquinhos desde la <strong>Roma<\/strong> (2013) por 31,4 M\u20ac<\/p>\n","protected":false},"excerpt":{"rendered":"<p>Los parisinos se han quedado con otro fracaso m\u00e1s en la Champions League.<\/p>\n","protected":false},"author":129,"featured_media":519818,"comment_status":"closed","ping_status":"closed","sticky":false,"template":"","format":"standard","meta":[],"categories":[3841,7570,3839],"tags":[36,6214,11997,114],"_links":{"self":[{"href":"http:\/\/desarrollo.grupomedios.com\/futbol\/wp-json\/wp\/v2\/posts\/519746"}],"collection":[{"href":"http:\/\/desarrollo.grupomedios.com\/futbol\/wp-json\/wp\/v2\/posts"}],"about":[{"href":"http:\/\/desarrollo.grupomedios.com\/futbol\/wp-json\/wp\/v2\/types\/post"}],"author":[{"embeddable":true,"href":"http:\/\/desarrollo.grupomedios.com\/futbol\/wp-json\/wp\/v2\/users\/129"}],"replies":[{"embeddable":true,"href":"http:\/\/desarrollo.grupomedios.com\/futbol\/wp-json\/wp\/v2\/comments?post=519746"}],"version-history":[{"count":3,"href":"http:\/\/desarrollo.grupomedios.com\/futbol\/wp-json\/wp\/v2\/posts\/519746\/revisions"}],"predecessor-version":[{"id":519896,"href":"http:\/\/desarrollo.grupomedios.com\/futbol\/wp-json\/wp\/v2\/posts\/519746\/revisions\/519896"}],"wp:featuredmedia":[{"embeddable":true,"href":"http:\/\/desarrollo.grupomedios.com\/futbol\/wp-json\/wp\/v2\/media\/519818"}],"wp:attachment":[{"href":"http:\/\/desarrollo.grupomedios.com\/futbol\/wp-json\/wp\/v2\/media?parent=519746"}],"wp:term":[{"taxonomy":"category","embeddable":true,"href":"http:\/\/desarrollo.grupomedios.com\/futbol\/wp-json\/wp\/v2\/categories?post=519746"},{"taxonomy":"post_tag","embeddable":true,"href":"http:\/\/desarrollo.grupomedios.com\/futbol\/wp-json\/wp\/v2\/tags?post=519746"}],"curies":[{"name":"wp","href":"https:\/\/api.w.org\/{rel}","templated":true}]}}