{"id":519753,"date":"2018-03-06T12:15:24","date_gmt":"2018-03-06T18:15:24","guid":{"rendered":"https:\/\/www.futboltotal.com.mx\/?p=519753"},"modified":"2018-03-06T12:18:52","modified_gmt":"2018-03-06T18:18:52","slug":"las-estrellas-han-brillado-en-real-madrid","status":"publish","type":"post","link":"http:\/\/desarrollo.grupomedios.com\/futbol\/futbol-internacional\/las-estrellas-han-brillado-en-real-madrid\/2018\/03","title":{"rendered":"Las estrellas que han brillado en el Real Madrid"},"content":{"rendered":"<p>El cuadro del <strong>Real Madrid<\/strong> cumple<strong> 116 a\u00f1os<\/strong> de historia y sin duda alguna se ha posicionado como uno de lo gigantes de Europa y el futbol mundial, lo ha hecho gracias a que ha fichado a grandes estrellas, &#8216;robando&#8217; talento de todas partes, adem\u00e1s de conseguir en su cantera a grandes emblemas que nunca se olvidar\u00e1n.<\/p>\n<p>De esta forma traemos a las grandes estrellas que han jugado con el equipo merengue, las cuales han sido numerosas y espectaculares pero sin duda han marcado la historia de uno de los equipos que siguen alrededor de todo el mundo.<\/p>\n<p style=\"text-align: center;\"><a href=\"https:\/\/www.futboltotal.com.mx\/futbol-mexicano\/liga-mx\/raul-ruidiaz-al-america-despues-rusia-2018\/2018\/03\">VER M\u00c1S: Ra\u00fal Ruid\u00edaz llegar\u00eda al Am\u00e9rica despu\u00e9s de Rusia 2018<\/a><\/p>\n<h3>Alfredo Di St\u00e9fano<\/h3>\n<p><img decoding=\"async\" class=\"aligncenter\" src=\"http:\/\/cdn1.sefutbol.com\/sites\/default\/files\/di-stefano-alfredo-r-madrid-021.jpg\" \/><\/p>\n<h3>Cristiano Ronaldo<\/h3>\n<p><img decoding=\"async\" src=\"https:\/\/www.futboltotal.com.mx\/wp-content\/uploads\/2017\/11\/cristiano-ronaldo-2018.jpg\" \/><\/p>\n<h3>Emilio Butrague\u00f1o<\/h3>\n<p><img decoding=\"async\" class=\"aligncenter\" src=\"http:\/\/resumensports.com\/wp-content\/uploads\/2016\/07\/Emilio-Butrague%C3%B1o-Real-Madrid.jpg\" \/><\/p>\n<h3>Hugo S\u00e1nchez<\/h3>\n<p><img decoding=\"async\" class=\"aligncenter\" src=\"http:\/\/campodeportivo.mx\/wp-content\/uploads\/2017\/07\/Hugo-S%C3%A1nchez-1021x580.jpg\" \/><\/p>\n<h3>David Beckham<\/h3>\n<p><img decoding=\"async\" class=\"aligncenter\" src=\"http:\/\/www.newswatchnigeria.com\/wp-content\/uploads\/2017\/08\/becjham.jpg\" \/><\/p>\n<p style=\"text-align: center;\"><a href=\"https:\/\/www.futboltotal.com.mx\/futbol-internacional\/las-predicciones-jerseys-adidas-2018-2019\/2018\/03\">VER M\u00c1S: \u00a1Las predicciones de jerseys adidas para 2018-2019!<\/a><\/p>\n<h3>Ronaldo<\/h3>\n<p><img decoding=\"async\" class=\"aligncenter\" src=\"https:\/\/www.pasionfutbol.com\/export\/sites\/pasionlibertadores\/img\/noticias\/2015\/12\/29\/ronaldo_realmadrid_interior.jpg_1063613817.jpg\" \/><\/p>\n<h3>Ra\u00fal<\/h3>\n<p><img decoding=\"async\" class=\"aligncenter\" src=\"https:\/\/i.ytimg.com\/vi\/FOQbd9BpF6w\/maxresdefault.jpg\" \/><\/p>\n<p>Ferenc Pusk\u00e1s<\/p>\n<p><img decoding=\"async\" class=\"aligncenter\" src=\"http:\/\/img.fifa.com\/mm\/photo\/worldfootball\/clubfootball\/01\/35\/94\/59\/1359459_full-lnd.jpg\" \/><\/p>\n<h3>Luis Figo<\/h3>\n<p><img decoding=\"async\" class=\"aligncenter\" src=\"http:\/\/www.mundodeportivo.com\/r\/GODO\/MD\/p3\/Barca\/Imagenes\/2016\/09\/13\/Recortada\/MD_20140828_FOTOS_D_54414081200-klQD-U41275634216GaB-980x554@MundoDeportivo-Web.jpg\" \/><\/p>\n<h3>Zinedine Zidane<\/h3>\n<p><img decoding=\"async\" class=\"aligncenter\" src=\"http:\/\/img.fifa.com\/mm\/photo\/worldfootball\/clubfootball\/01\/40\/95\/43\/1409543_big-lnd.jpg\" \/><\/p>\n<h3>Iker Casillas<\/h3>\n<p><img decoding=\"async\" class=\"aligncenter\" src=\"http:\/\/www.fichajes.com\/foto\/a\/iker-casillas-valora-la-posibilidad-de-abandonar-el-real-madrid_62878.jpg\" \/><\/p>\n<h3>Vicente del Bosque<\/h3>\n<p><img decoding=\"async\" class=\"aligncenter\" src=\"https:\/\/www.corazonblanco.com\/media\/galeria\/44\/4\/8\/1\/6\/n_real_madrid_los_jugadores-5856184.jpeg\" \/><\/p>\n<p style=\"text-align: center;\"><a href=\"https:\/\/www.futboltotal.com.mx\/futbol-internacional\/mls-futbol-internacional\/la-galaxy-suma-mexicano-a-sus-filas\/2018\/03\">VER M\u00c1S: LA Galaxy suma otro mexicano a sus filas<\/a><\/p>\n<h3>Francisco Gento<\/h3>\n<p><img decoding=\"async\" class=\"aligncenter\" src=\"https:\/\/i.ytimg.com\/vi\/aNAJ1M1BJV8\/maxresdefault.jpg\" \/><\/p>\n<h3>Fernando Hierro<\/h3>\n<p><img decoding=\"async\" class=\"aligncenter\" src=\"http:\/\/www.pasiondehincha.com\/wp-content\/uploads\/2017\/03\/fernando-hierro-real-madrid.jpg\" \/><\/p>\n<h3>Kak\u00e1<\/h3>\n<p><img decoding=\"async\" class=\"aligncenter\" src=\"http:\/\/www.marca.com\/imagenes\/2012\/12\/05\/en\/football\/real_madrid\/1354736191_extras_mosaico_noticia_1_g_0.jpg\" \/><\/p>\n<h3>Michael Laudrup<\/h3>\n<p><img decoding=\"async\" class=\"aligncenter\" src=\"https:\/\/images2.footballwhispers.com\/wp-content\/uploads\/2016\/10\/Michael-Laudrup.jpg\" \/><\/p>\n<h3>Roberto Carlos<\/h3>\n<p><img decoding=\"async\" class=\"aligncenter\" src=\"https:\/\/media.metrolatam.com\/2017\/08\/23\/robertocarlos-1200x600.jpg\" \/><\/p>\n<h3>Fernando Morientes<\/h3>\n<p><img decoding=\"async\" class=\"aligncenter\" src=\"http:\/\/images.indianexpress.com\/2017\/12\/fernando-morientes-759.jpg\" \/><\/p>\n<h3>Clarence Seedorf<\/h3>\n<p><img decoding=\"async\" class=\"aligncenter\" src=\"http:\/\/d2x51gyc4ptf2q.cloudfront.net\/content\/uploads\/2017\/10\/17125038\/Clarence-Seedorf-Football365.jpg\" \/><\/p>\n<h3>Davor Suker<\/h3>\n<p><img decoding=\"async\" class=\"aligncenter\" src=\"http:\/\/e04-marca.uecdn.es\/assets\/multimedia\/imagenes\/2016\/07\/06\/14678126950221.jpg\" \/><\/p>\n<h3>Iv\u00e1n Zamorano<\/h3>\n<p><img decoding=\"async\" class=\"aligncenter\" src=\"https:\/\/www.guatemala.com\/fotos\/201607\/Exfutbolista-del-Real-Madrid-Ivan-Zamorano-dara-conferencia-en-Guatemala-885x500.jpg\" \/><\/p>\n<h3>Xabi Alonso<\/h3>\n<p><img decoding=\"async\" class=\"aligncenter\" src=\"https:\/\/i2-prod.mirror.co.uk\/incoming\/article2658847.ece\/ALTERNATES\/s615\/Real-Madrid-CF-v-Sevilla-FC-La-Liga.jpg\" \/><\/p>\n<h3>Sergio Ramos<\/h3>\n<p><img decoding=\"async\" src=\"https:\/\/as00.epimg.net\/futbol\/imagenes\/2017\/03\/12\/primera\/1489343762_384222_1489354874_noticia_normal.jpg\" \/><\/p>\n<p style=\"text-align: center;\"><a href=\"https:\/\/www.futboltotal.com.mx\/futbol-internacional\/champions-league\/paris-saint-germain-juega-mejor-sin-neymar\/2018\/03\">VER M\u00c1S: Por qu\u00e9 Paris Saint-Germain juega mejor sin Neymar<\/a><\/p>\n<p>&nbsp;<\/p>\n","protected":false},"excerpt":{"rendered":"<p>El cuadro merengue ha tenido por su paso grandes futbolistas que han marcado la historia merengue<\/p>\n","protected":false},"author":159,"featured_media":519756,"comment_status":"closed","ping_status":"closed","sticky":false,"template":"","format":"standard","meta":[],"categories":[7570,3839,3844],"tags":[11994,6013,417,253,448,1165,1037,5988,1504,2215],"_links":{"self":[{"href":"http:\/\/desarrollo.grupomedios.com\/futbol\/wp-json\/wp\/v2\/posts\/519753"}],"collection":[{"href":"http:\/\/desarrollo.grupomedios.com\/futbol\/wp-json\/wp\/v2\/posts"}],"about":[{"href":"http:\/\/desarrollo.grupomedios.com\/futbol\/wp-json\/wp\/v2\/types\/post"}],"author":[{"embeddable":true,"href":"http:\/\/desarrollo.grupomedios.com\/futbol\/wp-json\/wp\/v2\/users\/159"}],"replies":[{"embeddable":true,"href":"http:\/\/desarrollo.grupomedios.com\/futbol\/wp-json\/wp\/v2\/comments?post=519753"}],"version-history":[{"count":1,"href":"http:\/\/desarrollo.grupomedios.com\/futbol\/wp-json\/wp\/v2\/posts\/519753\/revisions"}],"predecessor-version":[{"id":519757,"href":"http:\/\/desarrollo.grupomedios.com\/futbol\/wp-json\/wp\/v2\/posts\/519753\/revisions\/519757"}],"wp:featuredmedia":[{"embeddable":true,"href":"http:\/\/desarrollo.grupomedios.com\/futbol\/wp-json\/wp\/v2\/media\/519756"}],"wp:attachment":[{"href":"http:\/\/desarrollo.grupomedios.com\/futbol\/wp-json\/wp\/v2\/media?parent=519753"}],"wp:term":[{"taxonomy":"category","embeddable":true,"href":"http:\/\/desarrollo.grupomedios.com\/futbol\/wp-json\/wp\/v2\/categories?post=519753"},{"taxonomy":"post_tag","embeddable":true,"href":"http:\/\/desarrollo.grupomedios.com\/futbol\/wp-json\/wp\/v2\/tags?post=519753"}],"curies":[{"name":"wp","href":"https:\/\/api.w.org\/{rel}","templated":true}]}}