{"id":519760,"date":"2018-03-06T16:09:54","date_gmt":"2018-03-06T22:09:54","guid":{"rendered":"https:\/\/www.futboltotal.com.mx\/?p=519760"},"modified":"2018-03-07T16:36:34","modified_gmt":"2018-03-07T22:36:34","slug":"las-estrellas-del-cruz-azul-nos-gustaria-tener-regreso","status":"publish","type":"post","link":"http:\/\/desarrollo.grupomedios.com\/futbol\/especial-ft\/las-estrellas-del-cruz-azul-nos-gustaria-tener-regreso\/2018\/03","title":{"rendered":"Las estrellas del Cruz Azul que nos gustar\u00eda tener de regreso"},"content":{"rendered":"<p>A\u00f1o con a\u00f1o, los aficionados del <strong>Cruz Azul<\/strong> se forman esperanzas alrededor de su equipo; sin embargo, hasta ahora han pasado 15 t\u00e9cnicos que no han podido romper con lo que ya parece una <strong>maldici\u00f3n cruzazulina<\/strong>. Pero no siempre fue as\u00ed, aqu\u00ed <strong>las estrellas del Cruz Azul que nos gustar\u00eda tener de regreso<\/strong>, para que este equipo volviera a ser grande.<\/p>\n<p>&nbsp;<\/p>\n<h3>Carlos Hermosillo<\/h3>\n<p>A pesar de haber iniciado su carrera con el <strong>Am\u00e9rica,<\/strong> Carlos Hermosillo es una de las grandes figuras que llevaron a la gloria al <strong>Cruz Azul.<\/strong> Este gran cabeceador mexicano, se convirti\u00f3 en el m\u00e1ximo goleador del equipo cementero, con t\u00edtulos de goleo en 1993-94, 1994-95 y 1995-96, cuando marc\u00f3 27, 35 y 26 goles. Recientemente, arremeti\u00f3 contra los jugadores actuales y su bajo rendimiento.<\/p>\n<p><img decoding=\"async\" loading=\"lazy\" class=\"alignnone wp-image-519763 size-full\" src=\"https:\/\/www.futboltotal.com.mx\/wp-content\/uploads\/2018\/03\/carlos-hermosillo.jpg\" alt=\"Carlos Hermosillo estrella del Cruz Azul\" srcset=\"http:\/\/desarrollo.grupomedios.com\/futbol\/wp-content\/uploads\/2018\/03\/carlos-hermosillo.jpg 600w, http:\/\/desarrollo.grupomedios.com\/futbol\/wp-content\/uploads\/2018\/03\/carlos-hermosillo-300x150.jpg 300w\" sizes=\"(max-width: 600px) 100vw, 600px\" \/><\/p>\n<h3>Gerardo Torrado<\/h3>\n<p>El &#8220;Borrego&#8221; lleg\u00f3 en 2005 al Cruz Azul, jam\u00e1s logr\u00f3 ser campe\u00f3n con la instituci\u00f3n, pero se gan\u00f3 el cari\u00f1o de la instituci\u00f3n. Siempre aguerrido y echado para adelante, <strong>Torrado<\/strong> es el ejemplo perfecto de un <strong>subcampe\u00f3n eterno con Cruz Azul<\/strong>.<\/p>\n<p><img decoding=\"async\" loading=\"lazy\" class=\"alignnone wp-image-519784 size-full\" src=\"https:\/\/www.futboltotal.com.mx\/wp-content\/uploads\/2018\/03\/gerardo-torrado-estrella-cruz-azul.jpg\" alt=\"Gerardo Torrado estrella del Cruz Azul\" srcset=\"http:\/\/desarrollo.grupomedios.com\/futbol\/wp-content\/uploads\/2018\/03\/gerardo-torrado-estrella-cruz-azul.jpg 454w, http:\/\/desarrollo.grupomedios.com\/futbol\/wp-content\/uploads\/2018\/03\/gerardo-torrado-estrella-cruz-azul-300x225.jpg 300w\" sizes=\"(max-width: 454px) 100vw, 454px\" \/><\/p>\n<h3>Christian &#8220;El Chaco&#8221; Gim\u00e9nez<\/h3>\n<p>Para muchos aficionados &#8220;<strong>El Chaco&#8221;<\/strong> era considerado el coraz\u00f3n del equipo. A pesar de darle muchos momentos de felicidad al Cruz Azul, como volverle a ganar al <strong>Am\u00e9rica<\/strong> despu\u00e9s de siete a\u00f1os, o ser Campe\u00f3n de la <strong>CONCACAF<\/strong> contra <strong>Toluca<\/strong> en 2014; este jugador tampoco fue capaz de volver a coronarse como campe\u00f3n de la <strong>Liga MX<\/strong>.<\/p>\n<p><img decoding=\"async\" loading=\"lazy\" class=\"alignnone wp-image-519789 size-full\" src=\"https:\/\/www.futboltotal.com.mx\/wp-content\/uploads\/2018\/03\/Chaco-Gimenez-Cruz-Azul.jpg\" alt=\"Chaco Gimenez estrella Cruz Azul\" srcset=\"http:\/\/desarrollo.grupomedios.com\/futbol\/wp-content\/uploads\/2018\/03\/Chaco-Gimenez-Cruz-Azul.jpg 400w, http:\/\/desarrollo.grupomedios.com\/futbol\/wp-content\/uploads\/2018\/03\/Chaco-Gimenez-Cruz-Azul-300x200.jpg 300w\" sizes=\"(max-width: 400px) 100vw, 400px\" \/><\/p>\n<p>&nbsp;<\/p>\n<h3>C\u00e9sar &#8220;Chelito&#8221; Delgado<\/h3>\n<p>El Chelito hizo vibrar durante varias temporadas a la afici\u00f3n del Cruz Azul. Recientemente, se acerc\u00f3 a la directiva cementera para poder retirarse con el equipo, al que le guarda un gran cari\u00f1o.<\/p>\n<div id=\"attachment_455006\" style=\"width: 1146px\" class=\"wp-caption alignnone\"><img aria-describedby=\"caption-attachment-455006\" decoding=\"async\" loading=\"lazy\" class=\"wp-image-455006 size-full\" src=\"https:\/\/www.futboltotal.com.mx\/wp-content\/uploads\/2017\/01\/chelito-delgado.jpg\" alt=\"C\u00e9sar 'Chelito' Delgado, durante sus mejores a\u00f1os con Cruz Azul.\" srcset=\"http:\/\/desarrollo.grupomedios.com\/futbol\/wp-content\/uploads\/2017\/01\/chelito-delgado.jpg 1136w, http:\/\/desarrollo.grupomedios.com\/futbol\/wp-content\/uploads\/2017\/01\/chelito-delgado-300x169.jpg 300w, http:\/\/desarrollo.grupomedios.com\/futbol\/wp-content\/uploads\/2017\/01\/chelito-delgado-768x432.jpg 768w, http:\/\/desarrollo.grupomedios.com\/futbol\/wp-content\/uploads\/2017\/01\/chelito-delgado-1024x576.jpg 1024w, http:\/\/desarrollo.grupomedios.com\/futbol\/wp-content\/uploads\/2017\/01\/chelito-delgado-317x178.jpg 317w, http:\/\/desarrollo.grupomedios.com\/futbol\/wp-content\/uploads\/2017\/01\/chelito-delgado-535x301.jpg 535w, http:\/\/desarrollo.grupomedios.com\/futbol\/wp-content\/uploads\/2017\/01\/chelito-delgado-374x210.jpg 374w\" sizes=\"(max-width: 1136px) 100vw, 1136px\" \/><p id=\"caption-attachment-455006\" class=\"wp-caption-text\">C\u00e9sar &#8216;Chelito&#8217; Delgado, durante sus mejores a\u00f1os con Cruz Azul.<\/p><\/div>\n<h3>Conejo P\u00e9rez<\/h3>\n<p>El &#8220;Conejo&#8221; P\u00e9rez es el \u00fanico jugador activo que fue Campe\u00f3n con Cruz Azul en 1997. El &#8220;Conejo&#8221; de la suerte es sin duda uno de los iconos m\u00e1s grandes del futbol mexicano de la historia del equipo cementero. Su fama proviene del caracter\u00edstico resorte con lo que defiende el arco, adem\u00e1s de su velocidad en el \u00e1rea y su tranquilidad en los momentos dif\u00edciles.<\/p>\n<p><img decoding=\"async\" loading=\"lazy\" class=\"alignnone wp-image-519813 size-full\" src=\"https:\/\/www.futboltotal.com.mx\/wp-content\/uploads\/2018\/03\/oscar-conejo-perez.jpg\" alt=\"Oscar Conejo P\u00e9rez, la gran figura del Cruz Azul\" srcset=\"http:\/\/desarrollo.grupomedios.com\/futbol\/wp-content\/uploads\/2018\/03\/oscar-conejo-perez.jpg 860w, http:\/\/desarrollo.grupomedios.com\/futbol\/wp-content\/uploads\/2018\/03\/oscar-conejo-perez-300x195.jpg 300w, http:\/\/desarrollo.grupomedios.com\/futbol\/wp-content\/uploads\/2018\/03\/oscar-conejo-perez-768x500.jpg 768w\" sizes=\"(max-width: 860px) 100vw, 860px\" \/><\/p>\n","protected":false},"excerpt":{"rendered":"<p>Ante la crisis actual del Cruz Azul, existen varias figuras hist\u00f3ricas que nos gustar\u00eda tener de regreso y que defendieran la camiseta como se merece. <\/p>\n","protected":false},"author":164,"featured_media":447528,"comment_status":"closed","ping_status":"closed","sticky":false,"template":"","format":"standard","meta":[],"categories":[7570],"tags":[1660,3506,368,4410,5962,379,64],"_links":{"self":[{"href":"http:\/\/desarrollo.grupomedios.com\/futbol\/wp-json\/wp\/v2\/posts\/519760"}],"collection":[{"href":"http:\/\/desarrollo.grupomedios.com\/futbol\/wp-json\/wp\/v2\/posts"}],"about":[{"href":"http:\/\/desarrollo.grupomedios.com\/futbol\/wp-json\/wp\/v2\/types\/post"}],"author":[{"embeddable":true,"href":"http:\/\/desarrollo.grupomedios.com\/futbol\/wp-json\/wp\/v2\/users\/164"}],"replies":[{"embeddable":true,"href":"http:\/\/desarrollo.grupomedios.com\/futbol\/wp-json\/wp\/v2\/comments?post=519760"}],"version-history":[{"count":5,"href":"http:\/\/desarrollo.grupomedios.com\/futbol\/wp-json\/wp\/v2\/posts\/519760\/revisions"}],"predecessor-version":[{"id":519955,"href":"http:\/\/desarrollo.grupomedios.com\/futbol\/wp-json\/wp\/v2\/posts\/519760\/revisions\/519955"}],"wp:featuredmedia":[{"embeddable":true,"href":"http:\/\/desarrollo.grupomedios.com\/futbol\/wp-json\/wp\/v2\/media\/447528"}],"wp:attachment":[{"href":"http:\/\/desarrollo.grupomedios.com\/futbol\/wp-json\/wp\/v2\/media?parent=519760"}],"wp:term":[{"taxonomy":"category","embeddable":true,"href":"http:\/\/desarrollo.grupomedios.com\/futbol\/wp-json\/wp\/v2\/categories?post=519760"},{"taxonomy":"post_tag","embeddable":true,"href":"http:\/\/desarrollo.grupomedios.com\/futbol\/wp-json\/wp\/v2\/tags?post=519760"}],"curies":[{"name":"wp","href":"https:\/\/api.w.org\/{rel}","templated":true}]}}