{"id":519766,"date":"2018-03-06T13:23:20","date_gmt":"2018-03-06T19:23:20","guid":{"rendered":"https:\/\/www.futboltotal.com.mx\/?p=519766"},"modified":"2018-03-06T13:23:20","modified_gmt":"2018-03-06T19:23:20","slug":"rayados-monterrey-contactara-a-sebastian-giovinco","status":"publish","type":"post","link":"http:\/\/desarrollo.grupomedios.com\/futbol\/futbol-mexicano\/rayados-monterrey-contactara-a-sebastian-giovinco\/2018\/03","title":{"rendered":"Rayados de Monterrey contactar\u00e1 a Sebastian Giovinco"},"content":{"rendered":"<p>El cuadro de los <strong>Rayados de Monterrey<\/strong> tiene en la mira al futbolista italiano del\u00a0<strong>Toronto FC<\/strong>, <strong>Sebastian Giovinco<\/strong>, aprovechando que arribar\u00e1 a la ciudad con motivo del duelo de los Cuartos de Final de la <strong>Liga de Campeones de la Concacaf,<\/strong> el cuadro regiomontano intentar\u00e1 aspirar a la contrataci\u00f3n del futbolista para las pr\u00f3ximas temporadas<\/p>\n<p>De acuerdo con\u00a0Multimedios Deportes ser\u00e1 el equipo de la Pandilla quien se acercar\u00e1 con la oportunidad de buscar al ex seleccionado italiano y quien tambi\u00e9n fuera parte de la Juventus.<\/p>\n<p style=\"text-align: center;\"><a href=\"https:\/\/www.futboltotal.com.mx\/futbol-internacional\/champions-league\/paris-saint-germain-juega-mejor-sin-neymar\/2018\/03\">VER M\u00c1S: Por qu\u00e9 Paris Saint-Germain juega mejor sin Neymar<\/a><\/p>\n<p>Sin embargo, cabe destacar que todav\u00eda no existe ninguna oferta formal, pero esto ser\u00eda el primer acercamiento con el futbolista, la realidad es que no ser\u00e1 nada f\u00e1cil hacer que el futbolista de la <strong>MLS<\/strong> llegue a la <strong>Liga MX<\/strong>, pues actualmente es de los mejores pagados en Estados Unidos.<\/p>\n<p>El futbolista conocido como la<strong> \u2018Hormiga At\u00f3mica\u2019<\/strong> lleg\u00f3 en 2015 al a liga estadounidense, mismo a\u00f1o en el que fue elegido como\u00a0MVP del torneo y su actual salario es de<strong>\u00a07 millones de d\u00f3lares<\/strong>. Cabe se\u00f1alar que en el \u00faltimo mercado de fichajes el cuadro regio busc\u00f3 con insistencia traer a un futbolista de renombre, es decir, un &#8216;bombazo&#8217;, pero por diversas razones no ha logrado concretar el objetivo, por lo que el italiano representar\u00eda su llegada para este <strong>Apertura 2018.<\/strong><\/p>\n<blockquote class=\"twitter-tweet\" data-data-dnt=\"true\">\n<p lang=\"es\" dir=\"ltr\">\ud83d\udca3BOMBAZO\ud83d\udca3<\/p>\n<p>\u00a1Noticias importantes sobre el futuro de Sebastian Giovinco!<\/p>\n<p>Aprovechar\u00e1n que estar\u00e1 en la Ciudad de Monterrey&#8230; Ent\u00e9rate lo que revel\u00f3 una fuente a Multimedios Deportes:<a href=\"https:\/\/t.co\/CVPTK8AbHx\">https:\/\/t.co\/CVPTK8AbHx<\/a> <a href=\"https:\/\/t.co\/LHckK14SHv\">pic.twitter.com\/LHckK14SHv<\/a><\/p>\n<p>&mdash; Multimedios Deportes (@mmdeportesmx) <a href=\"https:\/\/twitter.com\/mmdeportesmx\/status\/970651178982952961?ref_src=twsrc%5Etfw\">March 5, 2018<\/a><\/p><\/blockquote>\n<p><script async src=\"https:\/\/platform.twitter.com\/widgets.js\" charset=\"utf-8\"><\/script><\/p>\n<p style=\"text-align: center;\"><a href=\"https:\/\/www.futboltotal.com.mx\/futbol-internacional\/liga-de-espana\/las-estrellas-han-brillado-en-real-madrid\/2018\/03\">VER M\u00c1S: Las estrellas que han brillado en el Real Madrid<\/a><\/p>\n","protected":false},"excerpt":{"rendered":"<p>El cuadro regio desea tener su &#8216;bombazo&#8217; para el Apertura 2018 y comenzar\u00eda a trabajar para fichar al italiano<\/p>\n","protected":false},"author":159,"featured_media":471141,"comment_status":"closed","ping_status":"closed","sticky":false,"template":"","format":"standard","meta":[],"categories":[2198,3845],"tags":[195,1329,7806,906],"_links":{"self":[{"href":"http:\/\/desarrollo.grupomedios.com\/futbol\/wp-json\/wp\/v2\/posts\/519766"}],"collection":[{"href":"http:\/\/desarrollo.grupomedios.com\/futbol\/wp-json\/wp\/v2\/posts"}],"about":[{"href":"http:\/\/desarrollo.grupomedios.com\/futbol\/wp-json\/wp\/v2\/types\/post"}],"author":[{"embeddable":true,"href":"http:\/\/desarrollo.grupomedios.com\/futbol\/wp-json\/wp\/v2\/users\/159"}],"replies":[{"embeddable":true,"href":"http:\/\/desarrollo.grupomedios.com\/futbol\/wp-json\/wp\/v2\/comments?post=519766"}],"version-history":[{"count":1,"href":"http:\/\/desarrollo.grupomedios.com\/futbol\/wp-json\/wp\/v2\/posts\/519766\/revisions"}],"predecessor-version":[{"id":519768,"href":"http:\/\/desarrollo.grupomedios.com\/futbol\/wp-json\/wp\/v2\/posts\/519766\/revisions\/519768"}],"wp:featuredmedia":[{"embeddable":true,"href":"http:\/\/desarrollo.grupomedios.com\/futbol\/wp-json\/wp\/v2\/media\/471141"}],"wp:attachment":[{"href":"http:\/\/desarrollo.grupomedios.com\/futbol\/wp-json\/wp\/v2\/media?parent=519766"}],"wp:term":[{"taxonomy":"category","embeddable":true,"href":"http:\/\/desarrollo.grupomedios.com\/futbol\/wp-json\/wp\/v2\/categories?post=519766"},{"taxonomy":"post_tag","embeddable":true,"href":"http:\/\/desarrollo.grupomedios.com\/futbol\/wp-json\/wp\/v2\/tags?post=519766"}],"curies":[{"name":"wp","href":"https:\/\/api.w.org\/{rel}","templated":true}]}}