{"id":519771,"date":"2018-03-06T14:31:00","date_gmt":"2018-03-06T20:31:00","guid":{"rendered":"https:\/\/www.futboltotal.com.mx\/?p=519771"},"modified":"2018-03-06T14:31:00","modified_gmt":"2018-03-06T20:31:00","slug":"leon-defiende-a-donovan-trollea-a-comentarista","status":"publish","type":"post","link":"http:\/\/desarrollo.grupomedios.com\/futbol\/futbol-mexicano\/leon-defiende-a-donovan-trollea-a-comentarista\/2018\/03","title":{"rendered":"Le\u00f3n defiende a Donovan y trollea a comentarista"},"content":{"rendered":"<p>El refuerzo del <strong>Club Le\u00f3n<\/strong>, <strong>Landon Donovan<\/strong>, repiti\u00f3 el pol\u00e9mico suceso que lo hiciera famoso en <strong>M\u00e9xico<\/strong> en el a\u00f1o 2004 y volvi\u00f3 a orinar en plena cancha del futbol mexicano este lunes cuando entrenaba con <strong>La Fiera<\/strong>.<\/p>\n<p>Las reacciones de la prensa mexicana no se hicieron esperar y varios periodistas cuestionaron al club mexicano las acciones que tuvo el <strong>Capit\u00e1n Am\u00e9rica<\/strong> en el entrenamiento.<\/p>\n<p>Uno de los que cuestion\u00f3 la acci\u00f3n fue <strong>Ricardo Puig<\/strong>, comentarista de <em>ESPN<\/em>, a quien no le gust\u00f3 nada que Donovan repitiera la famosa escena que protagoniz\u00f3 en el 2004 en la cancha del <strong>Estadio Jalisco<\/strong>.<\/p>\n<p style=\"text-align: center;\"><span style=\"color: #3366ff;\"><a href=\"https:\/\/www.futboltotal.com.mx\/futbol-mexicano\/liga-mx\/rayados-monterrey-contactara-a-sebastian-giovinco\/2018\/03\">VER M\u00c1S: Rayados de Monterrey contactar\u00e1 a Sebastian Giovinco<\/a><\/span><\/p>\n<blockquote class=\"twitter-tweet\" data-width=\"500\">\n<p lang=\"es\" dir=\"ltr\">Sin m\u00e1s que decir&#8230; <\/p>\n<p>\u00bfEs normal y aceptable esto? <\/p>\n<p>Cp <a href=\"https:\/\/twitter.com\/clubleonfc?ref_src=twsrc%5Etfw\">@clubleonfc<\/a> <a href=\"https:\/\/t.co\/yFJvWBXdcU\">pic.twitter.com\/yFJvWBXdcU<\/a><\/p>\n<p>&mdash; Ricardo Puig (@puig_ricardo) <a href=\"https:\/\/twitter.com\/puig_ricardo\/status\/970895460796858368?ref_src=twsrc%5Etfw\">March 6, 2018<\/a><\/p><\/blockquote>\n<p><script async src=\"https:\/\/platform.twitter.com\/widgets.js\" charset=\"utf-8\"><\/script><\/p>\n<p>El Le\u00f3n no se qued\u00f3 callado y aplic\u00f3 un trolleo al comentarista con una \u00e9pica respuesta para defender a Donovan.<\/p>\n<blockquote class=\"twitter-tweet\" data-width=\"500\">\n<p lang=\"es\" dir=\"ltr\">S\u00ed, es m\u00e1s que normal, es una necesidad fisiol\u00f3gica.<\/p>\n<p>&mdash; Club Le\u00f3n (@clubleonfc) <a href=\"https:\/\/twitter.com\/clubleonfc\/status\/971034362622955527?ref_src=twsrc%5Etfw\">March 6, 2018<\/a><\/p><\/blockquote>\n<p><script async src=\"https:\/\/platform.twitter.com\/widgets.js\" charset=\"utf-8\"><\/script><\/p>\n","protected":false},"excerpt":{"rendered":"<p>El club rest\u00f3 importancia a las acciones del estadounidense.<\/p>\n","protected":false},"author":129,"featured_media":519776,"comment_status":"closed","ping_status":"closed","sticky":false,"template":"","format":"standard","meta":[],"categories":[2198,3845],"tags":[3883,2557,5965,64],"_links":{"self":[{"href":"http:\/\/desarrollo.grupomedios.com\/futbol\/wp-json\/wp\/v2\/posts\/519771"}],"collection":[{"href":"http:\/\/desarrollo.grupomedios.com\/futbol\/wp-json\/wp\/v2\/posts"}],"about":[{"href":"http:\/\/desarrollo.grupomedios.com\/futbol\/wp-json\/wp\/v2\/types\/post"}],"author":[{"embeddable":true,"href":"http:\/\/desarrollo.grupomedios.com\/futbol\/wp-json\/wp\/v2\/users\/129"}],"replies":[{"embeddable":true,"href":"http:\/\/desarrollo.grupomedios.com\/futbol\/wp-json\/wp\/v2\/comments?post=519771"}],"version-history":[{"count":1,"href":"http:\/\/desarrollo.grupomedios.com\/futbol\/wp-json\/wp\/v2\/posts\/519771\/revisions"}],"predecessor-version":[{"id":519777,"href":"http:\/\/desarrollo.grupomedios.com\/futbol\/wp-json\/wp\/v2\/posts\/519771\/revisions\/519777"}],"wp:featuredmedia":[{"embeddable":true,"href":"http:\/\/desarrollo.grupomedios.com\/futbol\/wp-json\/wp\/v2\/media\/519776"}],"wp:attachment":[{"href":"http:\/\/desarrollo.grupomedios.com\/futbol\/wp-json\/wp\/v2\/media?parent=519771"}],"wp:term":[{"taxonomy":"category","embeddable":true,"href":"http:\/\/desarrollo.grupomedios.com\/futbol\/wp-json\/wp\/v2\/categories?post=519771"},{"taxonomy":"post_tag","embeddable":true,"href":"http:\/\/desarrollo.grupomedios.com\/futbol\/wp-json\/wp\/v2\/tags?post=519771"}],"curies":[{"name":"wp","href":"https:\/\/api.w.org\/{rel}","templated":true}]}}