{"id":519781,"date":"2018-03-05T18:00:18","date_gmt":"2018-03-06T00:00:18","guid":{"rendered":"https:\/\/www.futboltotal.com.mx\/?p=519781"},"modified":"2018-03-06T21:24:26","modified_gmt":"2018-03-07T03:24:26","slug":"america-vs-tauro-fc-concachampions-en-vivo-minuto-a-minuto","status":"publish","type":"post","link":"http:\/\/desarrollo.grupomedios.com\/futbol\/futbol-internacional\/america-vs-tauro-fc-concachampions-en-vivo-minuto-a-minuto\/2018\/03","title":{"rendered":"Am\u00e9rica vs Tauro FC | Concachampions | EN VIVO: Minuto a minuto"},"content":{"rendered":"<p>Las <strong>\u00c1guilas del Am\u00e9rica<\/strong> reciben la visita del <strong>Tauro FC<\/strong> de Panam\u00e1 en el duelo de ida de los cuartos de final de la Liga de Campeones de Concacaf.<\/p>\n<iframe src=\"https:\/\/en-vivo.futboltotal.com.mx\/embed.php\/?id=633\" width=\"100%\" id=\"frame_minuto\"><\/iframe>\n<p>Los azulcremas llegan como el equipo m\u00e1s embalado de todo el futbol mexicano, con diez partidos sin perder en la Liga MX y la serie de octavos de final la pasaron de manera muy tranquila frente a un Saprissa que ofreci\u00f3 muy poco y qued\u00f3 con un 6-2 global para los aztecas.<\/p>\n<p>El Tauro FC logr\u00f3 su pase a los cuartos tras derrotar al Dallas FC de la MLS por goles de visitante tras un global de 3-3.<\/p>\n<p><strong>\u00a1NO TE PIERDAS EL MINUTO A MINUTO DEL AM\u00c9RICA VS TAURO FC EN PUNTO DE LAS 19:00 HORAS!<\/strong><\/p>\n","protected":false},"excerpt":{"rendered":"<p>\u00a1Se abren los cuartos de final de la Concachampions!<\/p>\n","protected":false},"author":160,"featured_media":519782,"comment_status":"closed","ping_status":"closed","sticky":false,"template":"","format":"standard","meta":[],"categories":[5398,3839],"tags":[5959,3182,11996],"_links":{"self":[{"href":"http:\/\/desarrollo.grupomedios.com\/futbol\/wp-json\/wp\/v2\/posts\/519781"}],"collection":[{"href":"http:\/\/desarrollo.grupomedios.com\/futbol\/wp-json\/wp\/v2\/posts"}],"about":[{"href":"http:\/\/desarrollo.grupomedios.com\/futbol\/wp-json\/wp\/v2\/types\/post"}],"author":[{"embeddable":true,"href":"http:\/\/desarrollo.grupomedios.com\/futbol\/wp-json\/wp\/v2\/users\/160"}],"replies":[{"embeddable":true,"href":"http:\/\/desarrollo.grupomedios.com\/futbol\/wp-json\/wp\/v2\/comments?post=519781"}],"version-history":[{"count":1,"href":"http:\/\/desarrollo.grupomedios.com\/futbol\/wp-json\/wp\/v2\/posts\/519781\/revisions"}],"predecessor-version":[{"id":519783,"href":"http:\/\/desarrollo.grupomedios.com\/futbol\/wp-json\/wp\/v2\/posts\/519781\/revisions\/519783"}],"wp:featuredmedia":[{"embeddable":true,"href":"http:\/\/desarrollo.grupomedios.com\/futbol\/wp-json\/wp\/v2\/media\/519782"}],"wp:attachment":[{"href":"http:\/\/desarrollo.grupomedios.com\/futbol\/wp-json\/wp\/v2\/media?parent=519781"}],"wp:term":[{"taxonomy":"category","embeddable":true,"href":"http:\/\/desarrollo.grupomedios.com\/futbol\/wp-json\/wp\/v2\/categories?post=519781"},{"taxonomy":"post_tag","embeddable":true,"href":"http:\/\/desarrollo.grupomedios.com\/futbol\/wp-json\/wp\/v2\/tags?post=519781"}],"curies":[{"name":"wp","href":"https:\/\/api.w.org\/{rel}","templated":true}]}}