{"id":519826,"date":"2018-03-06T18:42:39","date_gmt":"2018-03-07T00:42:39","guid":{"rendered":"https:\/\/www.futboltotal.com.mx\/?p=519826"},"modified":"2018-03-07T13:04:43","modified_gmt":"2018-03-07T19:04:43","slug":"andres-guardado-sera-protagonista-la-nueva-serie-amazon","status":"publish","type":"post","link":"http:\/\/desarrollo.grupomedios.com\/futbol\/futbol-internacional\/andres-guardado-sera-protagonista-la-nueva-serie-amazon\/2018\/03","title":{"rendered":"Andr\u00e9s Guardado ser\u00e1 protagonista de la nueva serie de Amazon"},"content":{"rendered":"<p>El capit\u00e1n de la Selecci\u00f3n Mexicana y uno de los capitanes actuales del Real Betis, <strong>Andr\u00e9s Guardado<\/strong>, ha sido elegido para ser protagonista de la nueva serie de Amazon.<\/p>\n<p>&#8220;<strong>Six Dreams<\/strong>&#8221; es la nueva serie que se va a dar a conocer sobre la vida de algunos personajes que militan en la liga espa\u00f1ola.<\/p>\n<p>Un total de <strong>200 pa\u00edses podr\u00e1n ver la participaci\u00f3n<\/strong> de Andr\u00e9s Guardado, Sa\u00fal N\u00edguez (Atl\u00e9tico), I\u00f1aki Williams (Athletic Bilbao), Amaia Gonz\u00e1lez (presidenta del Eibar), Eduardo Berizzo (ex t\u00e9cnico del Sevilla) y Quique C\u00e1rcel (director deportivo del Girona).<\/p>\n<p style=\"text-align: center;\"><span style=\"color: #333399;\"><a href=\"https:\/\/www.futboltotal.com.mx\/copa-mundial-de-futbol-2018\/seleccion-mexicana\/momentos-mundialistas-la-tijera-manuel-negrete-en-mexico-1986\">VER M\u00c1S &#8211;\u00a0<span class=\"item-title\">Momentos Mundialistas: La tijera de Manuel Negrete en M\u00e9xico 1986<\/span><\/a><\/span><\/p>\n<p>La serie de &#8220;Six Dreams&#8221; dar\u00e1 a conocer c\u00f3mo es la vida de estos personajes dentro y fuera del campo.<\/p>\n<p>&nbsp;<\/p>\n","protected":false},"excerpt":{"rendered":"<p>&#8220;Six Dreams&#8221; contar\u00e1 la vida de seis personajes, incluido el mexicano&#8221; de la Liga espa\u00f1ola<\/p>\n","protected":false},"author":160,"featured_media":519827,"comment_status":"closed","ping_status":"closed","sticky":false,"template":"","format":"standard","meta":[],"categories":[3839,3844],"tags":[6046,1192],"_links":{"self":[{"href":"http:\/\/desarrollo.grupomedios.com\/futbol\/wp-json\/wp\/v2\/posts\/519826"}],"collection":[{"href":"http:\/\/desarrollo.grupomedios.com\/futbol\/wp-json\/wp\/v2\/posts"}],"about":[{"href":"http:\/\/desarrollo.grupomedios.com\/futbol\/wp-json\/wp\/v2\/types\/post"}],"author":[{"embeddable":true,"href":"http:\/\/desarrollo.grupomedios.com\/futbol\/wp-json\/wp\/v2\/users\/160"}],"replies":[{"embeddable":true,"href":"http:\/\/desarrollo.grupomedios.com\/futbol\/wp-json\/wp\/v2\/comments?post=519826"}],"version-history":[{"count":4,"href":"http:\/\/desarrollo.grupomedios.com\/futbol\/wp-json\/wp\/v2\/posts\/519826\/revisions"}],"predecessor-version":[{"id":519900,"href":"http:\/\/desarrollo.grupomedios.com\/futbol\/wp-json\/wp\/v2\/posts\/519826\/revisions\/519900"}],"wp:featuredmedia":[{"embeddable":true,"href":"http:\/\/desarrollo.grupomedios.com\/futbol\/wp-json\/wp\/v2\/media\/519827"}],"wp:attachment":[{"href":"http:\/\/desarrollo.grupomedios.com\/futbol\/wp-json\/wp\/v2\/media?parent=519826"}],"wp:term":[{"taxonomy":"category","embeddable":true,"href":"http:\/\/desarrollo.grupomedios.com\/futbol\/wp-json\/wp\/v2\/categories?post=519826"},{"taxonomy":"post_tag","embeddable":true,"href":"http:\/\/desarrollo.grupomedios.com\/futbol\/wp-json\/wp\/v2\/tags?post=519826"}],"curies":[{"name":"wp","href":"https:\/\/api.w.org\/{rel}","templated":true}]}}