{"id":519839,"date":"2018-03-07T08:38:26","date_gmt":"2018-03-07T14:38:26","guid":{"rendered":"https:\/\/www.futboltotal.com.mx\/?p=519839"},"modified":"2018-03-07T08:38:26","modified_gmt":"2018-03-07T14:38:26","slug":"conoce-a-alex-alcala-messi-mexicano","status":"publish","type":"post","link":"http:\/\/desarrollo.grupomedios.com\/futbol\/futbol-mexicano\/conoce-a-alex-alcala-messi-mexicano\/2018\/03","title":{"rendered":"Conoce a Alex Alcal\u00e1, el Messi mexicano"},"content":{"rendered":"<p>La <strong>Selecci\u00f3n Mexicana Sub-15<\/strong> dio a conocer su convocatoria hasta el pr\u00f3ximo viernes 9 de marzo tras disputar un triangular pero los nombres que aparecieron tuvieron una sorpresa importante, un <strong>joven de 13 a\u00f1os<\/strong> que ha causado sensaci\u00f3n, se trata de\u00a0<strong>Alejandro Alcal\u00e1<\/strong>, quien muestra un talento al nivel de <strong>Lionel Messi.<\/strong><\/p>\n<blockquote class=\"twitter-tweet\" data-data-dnt=\"true\">\n<p lang=\"es\" dir=\"ltr\">\ud83d\udcc4 | NOTA | <a href=\"https:\/\/twitter.com\/hashtag\/Sub15?src=hash&amp;ref_src=twsrc%5Etfw\">#Sub15<\/a><\/p>\n<p>\u00a1Ya estamos en el CAR!<br \/>Checa los detalles de nuestra semana de concentraci\u00f3n. \ud83d\udcaa\ud83c\udffc\ud83c\uddf2\ud83c\uddfd<\/p>\n<p>\ud83d\udc49\ud83c\udffc <a href=\"https:\/\/t.co\/QSbPi7WJfg\">https:\/\/t.co\/QSbPi7WJfg<\/a><a href=\"https:\/\/twitter.com\/hashtag\/SoyM%C3%A9xico?src=hash&amp;ref_src=twsrc%5Etfw\">#SoyM\u00e9xico<\/a> <a href=\"https:\/\/t.co\/UnUrLbymq5\">pic.twitter.com\/UnUrLbymq5<\/a><\/p>\n<p>&mdash; Selecci\u00f3n Nacional (@miseleccionmx) <a href=\"https:\/\/twitter.com\/miseleccionmx\/status\/971105333757300736?ref_src=twsrc%5Etfw\">March 6, 2018<\/a><\/p><\/blockquote>\n<p><script async src=\"https:\/\/platform.twitter.com\/widgets.js\" charset=\"utf-8\"><\/script><\/p>\n<p style=\"text-align: center;\"><a href=\"https:\/\/www.futboltotal.com.mx\/futbol-mexicano\/liga-mx\/rayados-monterrey-contactara-a-sebastian-giovinco\/2018\/03\">VER M\u00c1S: Rayados de Monterrey contactar\u00e1 a Sebastian Giovinco<\/a><\/p>\n<p>El peque\u00f1o futbolista milita en el <strong>Stockton TLJ FC Rebels<\/strong>, un club\u00a0que ayuda a los j\u00f3venes para competir a un nivel \u00f3ptimo de f\u00fatbol, quien se ha convertido un aut\u00e9ntico fen\u00f3meno de redes sociales luego de demostrar un enorme talento, incluso estando en los campamentos del <strong>FC Barcelona<\/strong> y <strong>Manchester City.<\/strong><\/p>\n<blockquote class=\"instagram-media\" style=\"background: #FFF; border: 0; border-radius: 3px; box-shadow: 0 0 1px 0 rgba(0,0,0,0.5),0 1px 10px 0 rgba(0,0,0,0.15); margin: 1px; max-width: 658px; padding: 0; width: calc(100% - 2px);\" data-instgrm-captioned=\"\" data-instgrm-permalink=\"https:\/\/www.instagram.com\/p\/BS67kifgDD1\/\" data-instgrm-version=\"8\">\n<div style=\"padding: 8px;\">\n<div style=\"background: #F8F8F8; line-height: 0; margin-top: 40px; padding: 50% 0; text-align: center; width: 100%;\"><\/div>\n<p style=\"margin: 8px 0 0 0; padding: 0 4px;\"><a style=\"color: #000; font-family: Arial,sans-serif; font-size: 14px; font-style: normal; font-weight: normal; line-height: 17px; text-decoration: none; word-wrap: break-word;\" href=\"https:\/\/www.instagram.com\/p\/BS67kifgDD1\/\" target=\"_blank\" rel=\"noopener\">Had a great time at the adidas generation tournament won 5out of 6 games other team pass on a 1 goal differential.. thanks @ Lafc @norcalpresoccer #pdp for the invite I also got to meet Raul !!!!!!&#x1f1ea;&#x1f1f8;&#x1f1ea;&#x1f1f8;&#x1f1ea;&#x1f1f8;&#x1f1ea;&#x1f1f8;&#x1f634;\u26bd\ufe0f\u26bd\ufe0f\u26bd\ufe0f<\/a><\/p>\n<p style=\"color: #c9c8cd; font-family: Arial,sans-serif; font-size: 14px; line-height: 17px; margin-bottom: 0; margin-top: 8px; overflow: hidden; padding: 8px 0 7px; text-align: center; text-overflow: ellipsis; white-space: nowrap;\">A post shared by <a style=\"color: #c9c8cd; font-family: Arial,sans-serif; font-size: 14px; font-style: normal; font-weight: normal; line-height: 17px;\" href=\"https:\/\/www.instagram.com\/alexrebel05\/\" target=\"_blank\" rel=\"noopener\"> Alex Alcala<\/a> (@alexrebel05) on <time style=\"font-family: Arial,sans-serif; font-size: 14px; line-height: 17px;\" datetime=\"2017-04-15T21:17:50+00:00\">Apr 15, 2017 at 2:17pm PDT<\/time><\/p>\n<\/div>\n<\/blockquote>\n<p><script async defer src=\"\/\/www.instagram.com\/embed.js\"><\/script><\/p>\n<p>El joven futbolista incluso ha conquistado a futbolistas de la talla del mexicano <strong>H\u00e9ctor Herrera<\/strong> del <strong>Porto<\/strong> y el ex futbolista <strong>Ra\u00fal Gonz\u00e1lez<\/strong>; la visor\u00eda de M\u00e9xico est\u00e1 atenta pues tiene doble nacionalidad y podr\u00eda terminar jugando en Estados Unidos.<\/p>\n<p><iframe loading=\"lazy\" src=\"https:\/\/www.youtube.com\/embed\/wa9yYL3G_gQ\" frameborder=\"0\" allowfullscreen=\"allowfullscreen\"><\/iframe><\/p>\n<p style=\"text-align: center;\"><a href=\"https:\/\/www.futboltotal.com.mx\/futbol-internacional\/champions-league\/psg-millonaria-inversion-fracasar-en-la-champions\/2018\/03\">VER M\u00c1S: PSG y su millonaria inversi\u00f3n para fracasar en la Champions<\/a><\/p>\n","protected":false},"excerpt":{"rendered":"<p>El jugador de 13 a\u00f1os ha estado en al mira del FC Barcelona y Manchester City<\/p>\n","protected":false},"author":159,"featured_media":519843,"comment_status":"closed","ping_status":"closed","sticky":false,"template":"","format":"standard","meta":[],"categories":[2198,3845,3847],"tags":[12005,1083,5993,65],"_links":{"self":[{"href":"http:\/\/desarrollo.grupomedios.com\/futbol\/wp-json\/wp\/v2\/posts\/519839"}],"collection":[{"href":"http:\/\/desarrollo.grupomedios.com\/futbol\/wp-json\/wp\/v2\/posts"}],"about":[{"href":"http:\/\/desarrollo.grupomedios.com\/futbol\/wp-json\/wp\/v2\/types\/post"}],"author":[{"embeddable":true,"href":"http:\/\/desarrollo.grupomedios.com\/futbol\/wp-json\/wp\/v2\/users\/159"}],"replies":[{"embeddable":true,"href":"http:\/\/desarrollo.grupomedios.com\/futbol\/wp-json\/wp\/v2\/comments?post=519839"}],"version-history":[{"count":1,"href":"http:\/\/desarrollo.grupomedios.com\/futbol\/wp-json\/wp\/v2\/posts\/519839\/revisions"}],"predecessor-version":[{"id":519844,"href":"http:\/\/desarrollo.grupomedios.com\/futbol\/wp-json\/wp\/v2\/posts\/519839\/revisions\/519844"}],"wp:featuredmedia":[{"embeddable":true,"href":"http:\/\/desarrollo.grupomedios.com\/futbol\/wp-json\/wp\/v2\/media\/519843"}],"wp:attachment":[{"href":"http:\/\/desarrollo.grupomedios.com\/futbol\/wp-json\/wp\/v2\/media?parent=519839"}],"wp:term":[{"taxonomy":"category","embeddable":true,"href":"http:\/\/desarrollo.grupomedios.com\/futbol\/wp-json\/wp\/v2\/categories?post=519839"},{"taxonomy":"post_tag","embeddable":true,"href":"http:\/\/desarrollo.grupomedios.com\/futbol\/wp-json\/wp\/v2\/tags?post=519839"}],"curies":[{"name":"wp","href":"https:\/\/api.w.org\/{rel}","templated":true}]}}