{"id":519845,"date":"2018-03-07T09:08:22","date_gmt":"2018-03-07T15:08:22","guid":{"rendered":"https:\/\/www.futboltotal.com.mx\/?p=519845"},"modified":"2018-03-07T09:08:22","modified_gmt":"2018-03-07T15:08:22","slug":"psg-prepara-la-salida-unai-emery-llegara-al-banquillo","status":"publish","type":"post","link":"http:\/\/desarrollo.grupomedios.com\/futbol\/futbol-internacional\/psg-prepara-la-salida-unai-emery-llegara-al-banquillo\/2018\/03","title":{"rendered":"PSG prepara salida de Unai Emery \u00bfQui\u00e9n llegar\u00e1 al banquillo?"},"content":{"rendered":"<p>La derrota que sufri\u00f3 el <strong>Paris Saint-Germain<\/strong> ante el Real Madrid en la <strong>UEFA Champions League<\/strong> ha dejado una herida profunda en el equipo franc\u00e9s, quien ya piensa de inmediato en el futuro para sacarse esa espina, por el momento todo apunta a que los parisinos desean cambiar de estratega, aunque el due\u00f1o del equipo dice lo contrario.<\/p>\n<p>&#8220;<mark>Hoy no podemos tomar una decisi\u00f3n, todos estamos enojados, decepcionados, pero lo estudiaremos (&#8230;) Es una decepci\u00f3n muy grande para Par\u00eds, para el club, para los jugadores, para los fans. Necesitamos calmarnos, pensar c\u00f3mo podemos mejorar el equipo&#8221;<\/mark>, indic\u00f3 Nasser Al Khelaifi,\u00a0presidente del\u00a0<strong>Par\u00eds Saint-Germain,\u00a0<\/strong>luego del encuentro apostando a mantener la calma interna dentro del club, quien se llev\u00f3 un golpe de autoridad importante.<\/p>\n<p>Aunque lo cierto es que la entidad parisina no tiene pensado tomar decisiones precipitadas, parece que <strong>Unai Emery<\/strong> no continuar\u00e1 al frente del equipo la temporada que sigue, por lo que ya comienzan a manejarse nombres alrededor de los t\u00e9cnicos que podr\u00edan llegar al banquillo del equipo franc\u00e9s.<\/p>\n<p style=\"text-align: center;\"><a href=\"https:\/\/www.futboltotal.com.mx\/futbol-mexicano\/liga-mx\/rayados-monterrey-contactara-a-sebastian-giovinco\/2018\/03\">VER M\u00c1S: Rayados de Monterrey contactar\u00e1 a Sebastian Giovinco<\/a><\/p>\n<p>De acuerdo a Mundo Deportivo, el gran anhelo del equipo parisino es precisamente quien los elimin\u00f3 en esta fase,\u00a0<strong>Zinedine Zidane,\u00a0<\/strong>pues saben que si de igual manera no logra alzarse con el t\u00edtulo de la\u00a0Champions League, podr\u00eda ser destituido del Real Madrid y tendr\u00eda la oportunidad de hacerse con el estratega.<\/p>\n<p>La otra opci\u00f3n que mantienen los dirigentes se trata del espa\u00f1ol, <strong>Luis Enrique<\/strong>, quien ha sido vinculado con el Chelsea, sin embargo parece ser que los Blues no podr\u00e1n satisfacer sus deseos salariales, algo que el cuadro parisino no tendr\u00eda ning\u00fan problema pues ya han demostrado que tienen la capacidad para superar cualquier obst\u00e1culo econ\u00f3mico.<\/p>\n<p>Otros nombres que se manejan en menor medida para llegar al banquillo son;\u00a0<strong>Antonio Conte<\/strong>\u00a0(Chelsea), <strong>Roberto Mancini<\/strong> (Zenit) y <strong>Massimiliano Allegri<\/strong> (Juventus) o del argentino\u00a0<strong>Mauricio Pochettino<\/strong>(Tottenham Hotpsur).<\/p>\n<blockquote class=\"twitter-tweet\" data-width=\"500\">\n<p lang=\"es\" dir=\"ltr\">Emery, adi\u00f3s al PSG en junio<a href=\"https:\/\/t.co\/I0SZ07iLyJ\">https:\/\/t.co\/I0SZ07iLyJ<\/a> <a href=\"https:\/\/t.co\/7reKZtcwCi\">pic.twitter.com\/7reKZtcwCi<\/a><\/p>\n<p>&mdash; Mundo Deportivo (@mundodeportivo) <a href=\"https:\/\/twitter.com\/mundodeportivo\/status\/971391424427102208?ref_src=twsrc%5Etfw\">March 7, 2018<\/a><\/p><\/blockquote>\n<p><script async src=\"https:\/\/platform.twitter.com\/widgets.js\" charset=\"utf-8\"><\/script><\/p>\n<p style=\"text-align: center;\"><a href=\"https:\/\/www.futboltotal.com.mx\/futbol-mexicano\/seleccion-mexicana\/conoce-a-alex-alcala-messi-mexicano\/2018\/03\">VER M\u00c1S: Conoce a Alex Alcal\u00e1, el Messi mexicano<\/a><\/p>\n","protected":false},"excerpt":{"rendered":"<p>El cuadro parisino no aguantar\u00e1 la decepci\u00f3n en Champions League y desean un nuevo timonel<\/p>\n","protected":false},"author":159,"featured_media":519850,"comment_status":"closed","ping_status":"closed","sticky":false,"template":"","format":"standard","meta":[],"categories":[3839,9609],"tags":[1376,114,5725,2215],"_links":{"self":[{"href":"http:\/\/desarrollo.grupomedios.com\/futbol\/wp-json\/wp\/v2\/posts\/519845"}],"collection":[{"href":"http:\/\/desarrollo.grupomedios.com\/futbol\/wp-json\/wp\/v2\/posts"}],"about":[{"href":"http:\/\/desarrollo.grupomedios.com\/futbol\/wp-json\/wp\/v2\/types\/post"}],"author":[{"embeddable":true,"href":"http:\/\/desarrollo.grupomedios.com\/futbol\/wp-json\/wp\/v2\/users\/159"}],"replies":[{"embeddable":true,"href":"http:\/\/desarrollo.grupomedios.com\/futbol\/wp-json\/wp\/v2\/comments?post=519845"}],"version-history":[{"count":1,"href":"http:\/\/desarrollo.grupomedios.com\/futbol\/wp-json\/wp\/v2\/posts\/519845\/revisions"}],"predecessor-version":[{"id":519852,"href":"http:\/\/desarrollo.grupomedios.com\/futbol\/wp-json\/wp\/v2\/posts\/519845\/revisions\/519852"}],"wp:featuredmedia":[{"embeddable":true,"href":"http:\/\/desarrollo.grupomedios.com\/futbol\/wp-json\/wp\/v2\/media\/519850"}],"wp:attachment":[{"href":"http:\/\/desarrollo.grupomedios.com\/futbol\/wp-json\/wp\/v2\/media?parent=519845"}],"wp:term":[{"taxonomy":"category","embeddable":true,"href":"http:\/\/desarrollo.grupomedios.com\/futbol\/wp-json\/wp\/v2\/categories?post=519845"},{"taxonomy":"post_tag","embeddable":true,"href":"http:\/\/desarrollo.grupomedios.com\/futbol\/wp-json\/wp\/v2\/tags?post=519845"}],"curies":[{"name":"wp","href":"https:\/\/api.w.org\/{rel}","templated":true}]}}