{"id":519861,"date":"2018-03-07T11:25:09","date_gmt":"2018-03-07T17:25:09","guid":{"rendered":"https:\/\/www.futboltotal.com.mx\/?p=519861"},"modified":"2018-03-07T11:25:09","modified_gmt":"2018-03-07T17:25:09","slug":"asi-inicio-messi-carrera-en-barcelona-17-anos","status":"publish","type":"post","link":"http:\/\/desarrollo.grupomedios.com\/futbol\/destacado-home\/asi-inicio-messi-carrera-en-barcelona-17-anos\/2018\/03","title":{"rendered":"As\u00ed inici\u00f3 Messi su carrera en el Barcelona hace 17 a\u00f1os"},"content":{"rendered":"<p>Hace 17 a\u00f1os fue cuando <strong>Lionel Messi<\/strong> se puso por primera vez la playera del <strong>FC Barcelona<\/strong> para jugar con el Infantil B e iniciar con la leyenda del futbol que se ha convertido hasta ahora, donde ha ganado todo con los <strong>Blaugranas<\/strong>.<\/p>\n<p>Desde muy peque\u00f1o, <strong>Messi<\/strong> ha mostrado sus grandes cualidades como jugador y la habilidad que ya pose\u00eda con su pierna zurda, misma que ahora le ha ayudado a alcanzar los 600 goles en su carrera como profesional.<\/p>\n<p>El Barcelona ha recordado sus mejores actuaciones en las categor\u00edas inferiores compartiendo un video de Twitter donde muestra sus inicios a 17 a\u00f1os.<\/p>\n<p style=\"text-align: center;\"><span style=\"color: #3366ff;\"><a href=\"https:\/\/www.futboltotal.com.mx\/futbol-internacional\/futbolista-argentina-cerca-perderse-copa-mundo-rusia-2018\/2018\/03\">VER M\u00c1S:Futbolista de Argentina, cerca de perderse Rusia 2018<\/a><\/span><\/p>\n<p>https:\/\/twitter.com\/FCBarcelona_es\/status\/971335591391412224<\/p>\n","protected":false},"excerpt":{"rendered":"<p>Messi inici\u00f3 su andar con los Blaugranas en el 2001.<\/p>\n","protected":false},"author":129,"featured_media":519872,"comment_status":"closed","ping_status":"closed","sticky":false,"template":"","format":"standard","meta":[],"categories":[5,3839,3844],"tags":[5984,6214,6012],"_links":{"self":[{"href":"http:\/\/desarrollo.grupomedios.com\/futbol\/wp-json\/wp\/v2\/posts\/519861"}],"collection":[{"href":"http:\/\/desarrollo.grupomedios.com\/futbol\/wp-json\/wp\/v2\/posts"}],"about":[{"href":"http:\/\/desarrollo.grupomedios.com\/futbol\/wp-json\/wp\/v2\/types\/post"}],"author":[{"embeddable":true,"href":"http:\/\/desarrollo.grupomedios.com\/futbol\/wp-json\/wp\/v2\/users\/129"}],"replies":[{"embeddable":true,"href":"http:\/\/desarrollo.grupomedios.com\/futbol\/wp-json\/wp\/v2\/comments?post=519861"}],"version-history":[{"count":1,"href":"http:\/\/desarrollo.grupomedios.com\/futbol\/wp-json\/wp\/v2\/posts\/519861\/revisions"}],"predecessor-version":[{"id":519873,"href":"http:\/\/desarrollo.grupomedios.com\/futbol\/wp-json\/wp\/v2\/posts\/519861\/revisions\/519873"}],"wp:featuredmedia":[{"embeddable":true,"href":"http:\/\/desarrollo.grupomedios.com\/futbol\/wp-json\/wp\/v2\/media\/519872"}],"wp:attachment":[{"href":"http:\/\/desarrollo.grupomedios.com\/futbol\/wp-json\/wp\/v2\/media?parent=519861"}],"wp:term":[{"taxonomy":"category","embeddable":true,"href":"http:\/\/desarrollo.grupomedios.com\/futbol\/wp-json\/wp\/v2\/categories?post=519861"},{"taxonomy":"post_tag","embeddable":true,"href":"http:\/\/desarrollo.grupomedios.com\/futbol\/wp-json\/wp\/v2\/tags?post=519861"}],"curies":[{"name":"wp","href":"https:\/\/api.w.org\/{rel}","templated":true}]}}