{"id":519863,"date":"2018-03-07T10:56:19","date_gmt":"2018-03-07T16:56:19","guid":{"rendered":"https:\/\/www.futboltotal.com.mx\/?p=519863"},"modified":"2018-03-07T10:57:29","modified_gmt":"2018-03-07T16:57:29","slug":"futbolista-argentina-cerca-perderse-copa-mundo-rusia-2018","status":"publish","type":"post","link":"http:\/\/desarrollo.grupomedios.com\/futbol\/futbol-internacional\/futbolista-argentina-cerca-perderse-copa-mundo-rusia-2018\/2018\/03","title":{"rendered":"Futbolista de Argentina, cerca de perderse Rusia 2018"},"content":{"rendered":"<p>El capit\u00e1n de <strong>Boca Juniors, Fernando Gago<\/strong>, ha reca\u00eddo de una delicada lesi\u00f3n en la rodilla derecha que fue operada en octubre pasado y dado que llevaba inactivo cinco meses tiene cada vez m\u00e1s dif\u00edcil la posibilidad de ser incluido en la plantilla de Argentina que disputar\u00e1 el la <strong>Copa del Mundo de Rusia 2018.<\/strong><\/p>\n<p><mark>&#8220;En el d\u00eda de ayer durante etapa de rehabilitaci\u00f3n con pelota sufri\u00f3 un dolor agudo en hueco popliteo derecho (cara posterior de rodilla). Se efectu\u00f3 RMN (resonancia magn\u00e9tica nuclear) y se constat\u00f3 el desprendimiento de adherencias de la zona dadora del injerto&#8221;<\/mark>, explic\u00f3 en un comunicado el doctor del Boca Juniors Jorge Batista.<\/p>\n<p>Gago, de 31 a\u00f1os, fue operado en octubre pasado a ra\u00edz de la rotura de los ligamentos cruzado anterior y lateral medial, as\u00ed como del menisco externo, tras un partido de las eliminatorias sudamericanas del Mundial contra Per\u00fa.<\/p>\n<p style=\"text-align: center;\"><a href=\"https:\/\/www.futboltotal.com.mx\/futbol-internacional\/liga-de-francia-futbol-internacional\/psg-prepara-la-salida-unai-emery-llegara-al-banquillo\/2018\/03\">VER M\u00c1S: PSG prepara salida de Unai Emery \u00bfQui\u00e9n llegar\u00e1 al banquillo?<\/a><\/p>\n<p>En ese momento se estimaba que su recuperaci\u00f3n demandar\u00eda a<strong>lrededor de siete meses.<\/strong> Sin embargo, con el nuevo percance, seg\u00fan Batista, experto en lesiones de rodilla, el centrocampista deber\u00e1 suspender &#8220;transitoriamente&#8221; su actividad en campo hasta que la sintomatolog\u00eda <strong>&#8220;permita retomar con los trabajos establecidos&#8221;.<\/strong><\/p>\n<p>Por esta raz\u00f3n, requerir\u00e1 de m\u00e1s tiempo para rehabilitarse y poder volver a jugar, y surgen las dudas de si podr\u00e1 participar en el Mundial de Rusia 2018, que empezar\u00e1 el<strong> 14 de junio<\/strong> y para el que el seleccionador, <strong>Jorge Sampaoli<\/strong>, le hab\u00eda abierto las puertas.<\/p>\n<p>&#8220;Lo vi entrenar y bati\u00f3 un r\u00e9cord en cuanto a su recuperaci\u00f3n. Lo vi con ganas de jugar un Mundial. Me parece un jugador muy respetado en el predio. Con su entusiasmo, merece ser analizado&#8221;, dijo el pasado 1 de marzo el director t\u00e9cnico.<\/p>\n<p style=\"text-align: center;\"><a href=\"https:\/\/www.futboltotal.com.mx\/futbol-mexicano\/seleccion-mexicana\/conoce-a-alex-alcala-messi-mexicano\/2018\/03\">VER M\u00c1S: Conoce a Alex Alcal\u00e1, el Messi mexicano<\/a><\/p>\n","protected":false},"excerpt":{"rendered":"<p>La Albiceleste perder\u00eda esta a uno de sus elementos importantes para la justa mundialista <\/p>\n","protected":false},"author":159,"featured_media":519866,"comment_status":"closed","ping_status":"closed","sticky":false,"template":"","format":"standard","meta":[],"categories":[3839],"tags":[125,523,2232,3209],"_links":{"self":[{"href":"http:\/\/desarrollo.grupomedios.com\/futbol\/wp-json\/wp\/v2\/posts\/519863"}],"collection":[{"href":"http:\/\/desarrollo.grupomedios.com\/futbol\/wp-json\/wp\/v2\/posts"}],"about":[{"href":"http:\/\/desarrollo.grupomedios.com\/futbol\/wp-json\/wp\/v2\/types\/post"}],"author":[{"embeddable":true,"href":"http:\/\/desarrollo.grupomedios.com\/futbol\/wp-json\/wp\/v2\/users\/159"}],"replies":[{"embeddable":true,"href":"http:\/\/desarrollo.grupomedios.com\/futbol\/wp-json\/wp\/v2\/comments?post=519863"}],"version-history":[{"count":3,"href":"http:\/\/desarrollo.grupomedios.com\/futbol\/wp-json\/wp\/v2\/posts\/519863\/revisions"}],"predecessor-version":[{"id":519869,"href":"http:\/\/desarrollo.grupomedios.com\/futbol\/wp-json\/wp\/v2\/posts\/519863\/revisions\/519869"}],"wp:featuredmedia":[{"embeddable":true,"href":"http:\/\/desarrollo.grupomedios.com\/futbol\/wp-json\/wp\/v2\/media\/519866"}],"wp:attachment":[{"href":"http:\/\/desarrollo.grupomedios.com\/futbol\/wp-json\/wp\/v2\/media?parent=519863"}],"wp:term":[{"taxonomy":"category","embeddable":true,"href":"http:\/\/desarrollo.grupomedios.com\/futbol\/wp-json\/wp\/v2\/categories?post=519863"},{"taxonomy":"post_tag","embeddable":true,"href":"http:\/\/desarrollo.grupomedios.com\/futbol\/wp-json\/wp\/v2\/tags?post=519863"}],"curies":[{"name":"wp","href":"https:\/\/api.w.org\/{rel}","templated":true}]}}