{"id":519870,"date":"2018-03-07T11:29:27","date_gmt":"2018-03-07T17:29:27","guid":{"rendered":"https:\/\/www.futboltotal.com.mx\/?p=519870"},"modified":"2018-03-07T11:29:27","modified_gmt":"2018-03-07T17:29:27","slug":"fc-barcelona-ya-en-la-mira-lateral-derecho","status":"publish","type":"post","link":"http:\/\/desarrollo.grupomedios.com\/futbol\/futbol-internacional\/fc-barcelona-ya-en-la-mira-lateral-derecho\/2018\/03","title":{"rendered":"FC Barcelona ya tiene en la mira un lateral derecho"},"content":{"rendered":"<p>Todo parece indicar que el <strong>FC Barcelona<\/strong> tendr\u00e1 la oportunidad de regresar a un viejo conocido a sus filas pues ver\u00eda de vuelta al latera derecho espa\u00f1ol\u00a0<strong>H\u00e9ctor Beller\u00edn,\u00a0<\/strong>quien actualmente milita en el Arsenal pero no est\u00e1 c\u00f3modo con la situaci\u00f3n actual que vive en el equipo ingl\u00e9s y estar\u00eda forzando su salida con los cul\u00e9s este verano.<\/p>\n<p>El lateral ha mostrado su molestia con el estratega franc\u00e9s, <strong>Arsene Wenger,<\/strong> luego que lo dejara como suplente en el duelo ante el <strong>Brighton &amp; Hove Albion<\/strong>, de acuerdo al diario The Sun, por lo que su relaci\u00f3n se habr\u00eda roto de forma definitiva y en vista que el equipo Gunner parece no tener planes de cambiar de estratega, su opci\u00f3n ser\u00eda emigrar.<\/p>\n<p>Fue precisamente Wenger quien impidi\u00f3 la salida del espa\u00f1ol con los Blaugranas el mercado de fichajes anterior y el equipo cul\u00e9 termin\u00f3 por fichar a <strong>Nelson Semedo,<\/strong> quien no ha resultado un futbolista de garant\u00edas, pero ahora podr\u00edan cambiar las cosas, pues el rumbo que ha tomado su relaci\u00f3n con el equipo ingl\u00e9s sin duda lo pone en el aparador\u00a0 al jugador que estuviera en las inferiores del Barcelona de 2003 a 2011.<\/p>\n<p style=\"text-align: center;\"><a href=\"https:\/\/www.futboltotal.com.mx\/futbol-mexicano\/liga-mx\/rayados-monterrey-contactara-a-sebastian-giovinco\/2018\/03\">VER M\u00c1S: Rayados de Monterrey contactar\u00e1 a Sebastian Giovinco<\/a><\/p>\n<p><img decoding=\"async\" class=\"aligncenter\" src=\"http:\/\/www.fichajes.net\/files\/hect.jpg\" \/><\/p>\n<p>&nbsp;<\/p>\n<p dir=\"ltr\">Sin embargo, el futbolista no tendr\u00eda solo como pretendiente al equipo catal\u00e1n, pues tambi\u00e9n se habla que desde Italia, la <strong>Juventus de Tur\u00edn<\/strong> tiene en su agenda al lateral derecho para incorporarlo despu\u00e9s de la<strong> Copa del Mundo de Rusia 2018.<\/strong> Lo \u00fanico que parece cierto es que su futuro est\u00e1 lejos del equipo Gunner con quien ha jugado desde el 2013, adem\u00e1s de un breve paso por el Watford.<\/p>\n<p dir=\"ltr\" style=\"text-align: center;\"><a href=\"https:\/\/www.futboltotal.com.mx\/futbol-internacional\/futbolista-argentina-cerca-perderse-copa-mundo-rusia-2018\/2018\/03\">VER M\u00c1S: Futbolista de Argentina, cerca de perderse Rusia 2018<\/a><\/p>\n","protected":false},"excerpt":{"rendered":"<p>El lateral espa\u00f1ol podr\u00eda sumarse al equipo de Barcelona una vez concluida la Copa del Mundo<\/p>\n","protected":false},"author":159,"featured_media":519874,"comment_status":"closed","ping_status":"closed","sticky":false,"template":"","format":"standard","meta":[],"categories":[3839,3844],"tags":[6044,1083,12006,6114,334],"_links":{"self":[{"href":"http:\/\/desarrollo.grupomedios.com\/futbol\/wp-json\/wp\/v2\/posts\/519870"}],"collection":[{"href":"http:\/\/desarrollo.grupomedios.com\/futbol\/wp-json\/wp\/v2\/posts"}],"about":[{"href":"http:\/\/desarrollo.grupomedios.com\/futbol\/wp-json\/wp\/v2\/types\/post"}],"author":[{"embeddable":true,"href":"http:\/\/desarrollo.grupomedios.com\/futbol\/wp-json\/wp\/v2\/users\/159"}],"replies":[{"embeddable":true,"href":"http:\/\/desarrollo.grupomedios.com\/futbol\/wp-json\/wp\/v2\/comments?post=519870"}],"version-history":[{"count":1,"href":"http:\/\/desarrollo.grupomedios.com\/futbol\/wp-json\/wp\/v2\/posts\/519870\/revisions"}],"predecessor-version":[{"id":519875,"href":"http:\/\/desarrollo.grupomedios.com\/futbol\/wp-json\/wp\/v2\/posts\/519870\/revisions\/519875"}],"wp:featuredmedia":[{"embeddable":true,"href":"http:\/\/desarrollo.grupomedios.com\/futbol\/wp-json\/wp\/v2\/media\/519874"}],"wp:attachment":[{"href":"http:\/\/desarrollo.grupomedios.com\/futbol\/wp-json\/wp\/v2\/media?parent=519870"}],"wp:term":[{"taxonomy":"category","embeddable":true,"href":"http:\/\/desarrollo.grupomedios.com\/futbol\/wp-json\/wp\/v2\/categories?post=519870"},{"taxonomy":"post_tag","embeddable":true,"href":"http:\/\/desarrollo.grupomedios.com\/futbol\/wp-json\/wp\/v2\/tags?post=519870"}],"curies":[{"name":"wp","href":"https:\/\/api.w.org\/{rel}","templated":true}]}}