{"id":519876,"date":"2018-03-07T12:08:58","date_gmt":"2018-03-07T18:08:58","guid":{"rendered":"https:\/\/www.futboltotal.com.mx\/?p=519876"},"modified":"2018-03-07T12:08:58","modified_gmt":"2018-03-07T18:08:58","slug":"jose-cardozo-wayne-rooney-los-historicos-diablos-se-encontraron","status":"publish","type":"post","link":"http:\/\/desarrollo.grupomedios.com\/futbol\/futbol-internacional\/jose-cardozo-wayne-rooney-los-historicos-diablos-se-encontraron\/2018\/03","title":{"rendered":"Jos\u00e9 Cardozo y Wayne Rooney, los hist\u00f3ricos Diablos que se encontraron"},"content":{"rendered":"<p>Apenas hace unos d\u00edas que abri\u00f3 su cuenta de Twitter y el paraguayo <strong>Jos\u00e9 Cardozo<\/strong> ya est\u00e1 muy activo en la red social, pues el exjugador del <strong>Toluca<\/strong> comparti\u00f3 en su cuenta una fotograf\u00eda con <strong>Wayne Rooney<\/strong>, exdelantero del <strong>Manchester United<\/strong>.<\/p>\n<p>El encuentro de dos hist\u00f3ricos <strong>Diablos<\/strong>, uno del Toluca y otro del <strong>Manchester United,<\/strong> se dio en la cancha de entrenamiento del Everton, pues ambos delanteros son los m\u00e1ximos goleadores de los clubes que vistieron de rojo.<\/p>\n<p style=\"text-align: center;\"><span style=\"color: #3366ff;\"><a href=\"https:\/\/www.futboltotal.com.mx\/futbol-internacional\/liga-de-espana\/fc-barcelona-ya-en-la-mira-lateral-derecho\/2018\/03\">VER M\u00c1S: FC Barcelona ya tiene en la mira un lateral derecho<\/a><\/span><\/p>\n<p>Cardozo sum\u00f3 249 goles en el futbol mexicano con el conjunto escarlata entre 1994 y 2005, mientras que Rooney marc\u00f3 250 con los <strong>Red Devils<\/strong> en una etapa del 2004 hasta 2017.<\/p>\n<p>Adem\u00e1s del atacante ingl\u00e9s, tambi\u00e9n estuvo su amigo y auxiliar, <strong>Fernando Huerta<\/strong>, el defensa argentino <strong>Ramiro Funes Mori<\/strong> y el entrenador de los <em>Toffees<\/em>\u200b , <strong>Sam Allardyce<\/strong>, a quien le obsequi\u00f3 una playera del Toluca con su jersey.<\/p>\n<blockquote class=\"twitter-tweet\" data-width=\"500\">\n<p lang=\"es\" dir=\"ltr\">Muchas gracias al club <a href=\"https:\/\/twitter.com\/Everton?ref_src=twsrc%5Etfw\">@Everton<\/a> y al Entrenador Sam Allardyce por todas sus atenciones <a href=\"https:\/\/twitter.com\/funesmoriofi25?ref_src=twsrc%5Etfw\">@funesmoriofi25<\/a> <a href=\"https:\/\/twitter.com\/Carlos0040?ref_src=twsrc%5Etfw\">@Carlos0040<\/a> <a href=\"https:\/\/twitter.com\/WayneRooney?ref_src=twsrc%5Etfw\">@WayneRooney<\/a> <a href=\"https:\/\/twitter.com\/FerHuertaC?ref_src=twsrc%5Etfw\">@FerHuertaC<\/a> <a href=\"https:\/\/t.co\/7ICRFtxHky\">pic.twitter.com\/7ICRFtxHky<\/a><\/p>\n<p>&mdash; Jos\u00e9 Saturnino Cardozo (@pepecardozo249) <a href=\"https:\/\/twitter.com\/pepecardozo249\/status\/971055817943404545?ref_src=twsrc%5Etfw\">March 6, 2018<\/a><\/p><\/blockquote>\n<p><script async src=\"https:\/\/platform.twitter.com\/widgets.js\" charset=\"utf-8\"><\/script><\/p>\n<p>En su paso por Inglaterra, Cardozo y Huerta agradecieron a los\u00a0 mexicanos\u00a0<strong>Jes\u00fas Tecatito Corona<\/strong>, H\u00e9ctor Herrera y Diego Reyes, quienes invitaron al Pr\u00ednicpe Guaran\u00ed al duelo donde el <strong>Porto<\/strong> empat\u00f3 0-0 ante el <strong>Liverpool<\/strong> en los Octavos de Final de Vuelta de la <strong>UEFA Champions League.<\/strong><\/p>\n<p>Aqu\u00ed la imagen que comparti\u00f3 Huerta junto a Cardozo y Tecatito.<\/p>\n<blockquote class=\"twitter-tweet\" data-data-dnt=\"true\">\n<p lang=\"es\" dir=\"ltr\">Gracias Tecatito por invitarnos al juego de hoy   <a href=\"https:\/\/twitter.com\/LFC?ref_src=twsrc%5Etfw\">@LFC<\/a> vs <a href=\"https:\/\/twitter.com\/FCPorto?ref_src=twsrc%5Etfw\">@FCPorto<\/a>  \u00a1Todos somos M\u00c9XICO! \u26bd\ud83c\uddf2\ud83c\uddfd @Diego_Reyes13 <a href=\"https:\/\/twitter.com\/HHerreramex?ref_src=twsrc%5Etfw\">@HHerreramex<\/a> <a href=\"https:\/\/twitter.com\/PepeCardozo249?ref_src=twsrc%5Etfw\">@pepecardozo249<\/a> <a href=\"https:\/\/t.co\/YMGWOeItoL\">pic.twitter.com\/YMGWOeItoL<\/a><\/p>\n<p>&mdash; Fernando Huerta (@ferhuertadt) <a href=\"https:\/\/twitter.com\/ferhuertadt\/status\/971082294344654848?ref_src=twsrc%5Etfw\">March 6, 2018<\/a><\/p><\/blockquote>\n<p><script async src=\"https:\/\/platform.twitter.com\/widgets.js\" charset=\"utf-8\"><\/script><\/p>\n<p>El ahora entrenador paraguayo se encuentra de visita en Europa para aprender m\u00e1s en su faceta de director t\u00e9cnico, pues la \u00faltima vez que dirigi\u00f3 fue al Puebla en el pasado <strong>Apertura 2017<\/strong>.<\/p>\n","protected":false},"excerpt":{"rendered":"<p>Los goleadores hist\u00f3ricos de Toluca y Manchester United se reunieron en Inglaterra.<\/p>\n","protected":false},"author":129,"featured_media":519887,"comment_status":"closed","ping_status":"closed","sticky":false,"template":"","format":"standard","meta":[],"categories":[3839],"tags":[3642,6051],"_links":{"self":[{"href":"http:\/\/desarrollo.grupomedios.com\/futbol\/wp-json\/wp\/v2\/posts\/519876"}],"collection":[{"href":"http:\/\/desarrollo.grupomedios.com\/futbol\/wp-json\/wp\/v2\/posts"}],"about":[{"href":"http:\/\/desarrollo.grupomedios.com\/futbol\/wp-json\/wp\/v2\/types\/post"}],"author":[{"embeddable":true,"href":"http:\/\/desarrollo.grupomedios.com\/futbol\/wp-json\/wp\/v2\/users\/129"}],"replies":[{"embeddable":true,"href":"http:\/\/desarrollo.grupomedios.com\/futbol\/wp-json\/wp\/v2\/comments?post=519876"}],"version-history":[{"count":1,"href":"http:\/\/desarrollo.grupomedios.com\/futbol\/wp-json\/wp\/v2\/posts\/519876\/revisions"}],"predecessor-version":[{"id":519888,"href":"http:\/\/desarrollo.grupomedios.com\/futbol\/wp-json\/wp\/v2\/posts\/519876\/revisions\/519888"}],"wp:featuredmedia":[{"embeddable":true,"href":"http:\/\/desarrollo.grupomedios.com\/futbol\/wp-json\/wp\/v2\/media\/519887"}],"wp:attachment":[{"href":"http:\/\/desarrollo.grupomedios.com\/futbol\/wp-json\/wp\/v2\/media?parent=519876"}],"wp:term":[{"taxonomy":"category","embeddable":true,"href":"http:\/\/desarrollo.grupomedios.com\/futbol\/wp-json\/wp\/v2\/categories?post=519876"},{"taxonomy":"post_tag","embeddable":true,"href":"http:\/\/desarrollo.grupomedios.com\/futbol\/wp-json\/wp\/v2\/tags?post=519876"}],"curies":[{"name":"wp","href":"https:\/\/api.w.org\/{rel}","templated":true}]}}