{"id":519889,"date":"2018-03-07T12:38:29","date_gmt":"2018-03-07T18:38:29","guid":{"rendered":"https:\/\/www.futboltotal.com.mx\/?p=519889"},"modified":"2018-03-07T12:38:29","modified_gmt":"2018-03-07T18:38:29","slug":"dani-alves-profetica-frase-la-todos-se-burlan","status":"publish","type":"post","link":"http:\/\/desarrollo.grupomedios.com\/futbol\/futbol-internacional\/dani-alves-profetica-frase-la-todos-se-burlan\/2018\/03","title":{"rendered":"Dani Alves y su \u2018prof\u00e9tica\u2019 frase de la que todos se burlan"},"content":{"rendered":"<p>Sin duda alguna, la derrota que sufri\u00f3 el <strong>Paris Saint-Germain<\/strong> ante el <strong>Real Madrid<\/strong> en la <strong>UEFA Champions League<\/strong> ha tra\u00eddo consigo una desbandada de cr\u00edticas en contra del equipo franc\u00e9s, ninguna de sus estrellas se ha salvado de periodistas y redes sociales quienes han hecho eco del fracaso que resulta una inversi\u00f3n que no ha dado frutos para el equipo de<strong> Nasser Al-Khela\u00effi<\/strong>, quien una vez m\u00e1s se ha quedado a la orilla de conseguir un objetivo a pesar de ser el equipo millonario de Europa.<\/p>\n<p>Uno de los se\u00f1alados por parte de la prensa ha sido el lateral brasile\u00f1o,\u00a0<strong>Dani Alves,<\/strong> quien en 2017, durante el mercado de verano, decidi\u00f3 abandonar a la<strong> Juventus de Tur\u00edn<\/strong> para enrolarse con los parisinos y dej\u00f3 unas fuertes declaraciones que se tomaron de vuelta ante la derrota que sufri\u00f3 su equipo.<\/p>\n<p><mark>&#8220;Me voy de la Juve para ganar la\u00a0Champions League&#8221;<\/mark>, esas fueron las palabras que hoy vuelven a ser noticia una vez consumada la derrota del PSG ante el Real Madrid, pues de acuerdo con el futbolista brasile\u00f1o el proyecto del equipo parisino ofrec\u00eda algo m\u00e1s ambicioso para \u00e9l y ahora se ha quedado sin la posibilidad de levantar al &#8216;Orejona&#8217;.<\/p>\n<blockquote class=\"twitter-tweet\" data-width=\"500\">\n<p lang=\"es\" dir=\"ltr\">Esto declar\u00f3 Dani Alves cuando sali\u00f3 de la Juventus: salgo de Italia para ganar la Champions en el PSG. Primera en la frente al brasile\u00f1o. <a href=\"https:\/\/t.co\/vvcWcHLI97\">pic.twitter.com\/vvcWcHLI97<\/a><\/p>\n<p>&mdash; F\u00fatbol franc\u00e9s (@Sp_Ligue1) <a href=\"https:\/\/twitter.com\/Sp_Ligue1\/status\/971147709120991232?ref_src=twsrc%5Etfw\">March 6, 2018<\/a><\/p><\/blockquote>\n<p><script async src=\"https:\/\/platform.twitter.com\/widgets.js\" charset=\"utf-8\"><\/script><\/p>\n<p style=\"text-align: center;\"><a href=\"https:\/\/www.futboltotal.com.mx\/futbol-internacional\/liga-de-espana\/asi-inicio-messi-carrera-en-barcelona-17-anos\/2018\/03\">VER M\u00c1S: As\u00ed inici\u00f3 Messi su carrera en el Barcelona hace 17 a\u00f1os<\/a><\/p>\n<p>Sobre todo los aficionados de la\u00a0<b>\u2018Vecchia Signora\u2019\u00a0<\/b> no han dejado pasar la oportunidad demostrando que no olvidaron las palabras del lateral y se hicieron sentir con fuerza a trav\u00e9s de las redes sociales. Por otro lado el rotativo italiano La Gazzetta dello Sport, de igual forma lanzaron una\u00a0hemeroteca para acordarse del ex lateral de la <strong>Juventus<\/strong>, sobre todo exaltando la frase &#8220;prueba la pr\u00f3xima vez&#8221;.<\/p>\n<p>El equipo franc\u00e9s tuvo un nuevo fracaso en Europa al no conseguir avanzar de los Octavos de Final en la Champions League y <strong>Dani Alves<\/strong> fue uno de los se\u00f1alados por su bajo nivel, adem\u00e1s que en la jugada previa al gol de <strong>Cristiano Ronaldo<\/strong> fue el brasile\u00f1o quien termin\u00f3 por perder el esf\u00e9rico ante<strong> Lucas V\u00e1zquez<\/strong>, algo que fue repudiado por los aficionados parisinos.<\/p>\n<blockquote class=\"twitter-tweet\" data-width=\"500\">\n<p lang=\"it\" dir=\"ltr\"><a href=\"https:\/\/twitter.com\/hashtag\/DaniAlves?src=hash&amp;ref_src=twsrc%5Etfw\">#DaniAlves<\/a>: &quot;Lascio la <a href=\"https:\/\/twitter.com\/hashtag\/Juve?src=hash&amp;ref_src=twsrc%5Etfw\">#Juve<\/a> per vincere la <a href=\"https:\/\/twitter.com\/hashtag\/Champions?src=hash&amp;ref_src=twsrc%5Etfw\">#Champions<\/a>&quot;. E ora? <a href=\"https:\/\/twitter.com\/hashtag\/PsgRealMadrid?src=hash&amp;ref_src=twsrc%5Etfw\">#PsgRealMadrid<\/a> <a href=\"https:\/\/t.co\/QVmviaXQpW\">https:\/\/t.co\/QVmviaXQpW<\/a> <a href=\"https:\/\/twitter.com\/hashtag\/ucl?src=hash&amp;ref_src=twsrc%5Etfw\">#ucl<\/a> <a href=\"https:\/\/t.co\/y7KLtRU9iv\">pic.twitter.com\/y7KLtRU9iv<\/a><\/p>\n<p>&mdash; LaGazzettadelloSport (@Gazzetta_it) <a href=\"https:\/\/twitter.com\/Gazzetta_it\/status\/971159560462438400?ref_src=twsrc%5Etfw\">March 6, 2018<\/a><\/p><\/blockquote>\n<p><script async src=\"https:\/\/platform.twitter.com\/widgets.js\" charset=\"utf-8\"><\/script><\/p>\n<h2>Tambi\u00e9n le dej\u00f3 un recuerdo a CR7<\/h2>\n<p>De igual forma fue uno de los protagonistas del duelo en espec\u00edfico con <strong>Cristiano Ronaldo<\/strong>, luego que recurriera a un &#8216;juego sucio&#8217; el cual fue captado por la televisi\u00f3n. Un &#8216;pique&#8217; que se dio desde el primer tiempo cuando el jugador portugu\u00e9s intent\u00f3 darle una patada al brasile\u00f1o y el colegiado no sancion\u00f3 ninguna infracci\u00f3n.<\/p>\n<div id=\"attachment_519892\" style=\"width: 990px\" class=\"wp-caption aligncenter\"><img aria-describedby=\"caption-attachment-519892\" decoding=\"async\" loading=\"lazy\" class=\"size-full wp-image-519892\" src=\"https:\/\/www.futboltotal.com.mx\/wp-content\/uploads\/2018\/03\/dani-alves-cr7.jpg\" alt=\"Dani Alves y su \u2018prof\u00e9tica\u2019 frase de la que todos se burlan 0\" srcset=\"http:\/\/desarrollo.grupomedios.com\/futbol\/wp-content\/uploads\/2018\/03\/dani-alves-cr7.jpg 980w, http:\/\/desarrollo.grupomedios.com\/futbol\/wp-content\/uploads\/2018\/03\/dani-alves-cr7-300x170.jpg 300w, http:\/\/desarrollo.grupomedios.com\/futbol\/wp-content\/uploads\/2018\/03\/dani-alves-cr7-768x434.jpg 768w, http:\/\/desarrollo.grupomedios.com\/futbol\/wp-content\/uploads\/2018\/03\/dani-alves-cr7-393x221.jpg 393w\" sizes=\"(max-width: 980px) 100vw, 980px\" \/><p id=\"caption-attachment-519892\" class=\"wp-caption-text\">Cristiano Ronaldo intenta patear a Dani Alves<\/p><\/div>\n<p>Posteriormente, el lateral brasile\u00f1o decidi\u00f3 <mark>aprovechar la ocasi\u00f3n durante un tiro de esquina para embarrarle un &#8216;moco&#8217; al portugu\u00e9s en una de las mangas de su camiseta<\/mark>, as\u00ed se vio en un video publicado por la televisi\u00f3n espa\u00f1ola. Un acto que demostr\u00f3 la impotencia del brasile\u00f1o al perder ante los merengues.<\/p>\n<p><iframe loading=\"lazy\" src=\"https:\/\/www.youtube.com\/embed\/yN4lhr2AXCo\" frameborder=\"0\" allowfullscreen=\"allowfullscreen\"><\/iframe><\/p>\n<p style=\"text-align: center;\"><a href=\"https:\/\/www.futboltotal.com.mx\/futbol-mexicano\/liga-mx\/rayados-monterrey-contactara-a-sebastian-giovinco\/2018\/03\">VER M\u00c1S: Rayados de Monterrey contactar\u00e1 a Sebastian Giovinco<\/a><\/p>\n","protected":false},"excerpt":{"rendered":"<p>El defensa braslie\u00f1o no se contuvo en el partido y se volvi\u00f3 un antagonista del Paris Saint-Germain<\/p>\n","protected":false},"author":159,"featured_media":519894,"comment_status":"closed","ping_status":"closed","sticky":false,"template":"","format":"standard","meta":[],"categories":[3841,3839],"tags":[6013,5983,5999,1376,114,5988],"_links":{"self":[{"href":"http:\/\/desarrollo.grupomedios.com\/futbol\/wp-json\/wp\/v2\/posts\/519889"}],"collection":[{"href":"http:\/\/desarrollo.grupomedios.com\/futbol\/wp-json\/wp\/v2\/posts"}],"about":[{"href":"http:\/\/desarrollo.grupomedios.com\/futbol\/wp-json\/wp\/v2\/types\/post"}],"author":[{"embeddable":true,"href":"http:\/\/desarrollo.grupomedios.com\/futbol\/wp-json\/wp\/v2\/users\/159"}],"replies":[{"embeddable":true,"href":"http:\/\/desarrollo.grupomedios.com\/futbol\/wp-json\/wp\/v2\/comments?post=519889"}],"version-history":[{"count":1,"href":"http:\/\/desarrollo.grupomedios.com\/futbol\/wp-json\/wp\/v2\/posts\/519889\/revisions"}],"predecessor-version":[{"id":519895,"href":"http:\/\/desarrollo.grupomedios.com\/futbol\/wp-json\/wp\/v2\/posts\/519889\/revisions\/519895"}],"wp:featuredmedia":[{"embeddable":true,"href":"http:\/\/desarrollo.grupomedios.com\/futbol\/wp-json\/wp\/v2\/media\/519894"}],"wp:attachment":[{"href":"http:\/\/desarrollo.grupomedios.com\/futbol\/wp-json\/wp\/v2\/media?parent=519889"}],"wp:term":[{"taxonomy":"category","embeddable":true,"href":"http:\/\/desarrollo.grupomedios.com\/futbol\/wp-json\/wp\/v2\/categories?post=519889"},{"taxonomy":"post_tag","embeddable":true,"href":"http:\/\/desarrollo.grupomedios.com\/futbol\/wp-json\/wp\/v2\/tags?post=519889"}],"curies":[{"name":"wp","href":"https:\/\/api.w.org\/{rel}","templated":true}]}}